{"id":836,"date":"2010-12-20T10:39:14","date_gmt":"2010-12-20T13:39:14","guid":{"rendered":"http:\/\/alcantara.pro.br\/portal\/2010\/12\/20\/modernizacao-da-contabilidade-publica\/"},"modified":"2010-12-20T10:39:14","modified_gmt":"2010-12-20T13:39:14","slug":"modernizacao-da-contabilidade-publica","status":"publish","type":"post","link":"https:\/\/alcantara.pro.br\/portal\/2010\/12\/20\/modernizacao-da-contabilidade-publica\/","title":{"rendered":"Moderniza\u00e7\u00e3o da Contabilidade P\u00fablica"},"content":{"rendered":"<p class=\"MsoNormal\" style=\"text-align: justify; margin: 0cm 0cm 0pt\"> \t<span style=\"font-size: 12px\"><span style=\"font-family: arial, helvetica, sans-serif\"><span style=\"color: black; mso-bidi-font-size: 12.0pt; mso-fareast-font-family: 'times new roman'; mso-themecolor: text1\">Texto de Enio De Biasi <\/span><\/span><\/span><\/p>\n<p class=\"MsoNormal\" style=\"text-align: justify; margin: 0cm 0cm 0pt\"> \t<span style=\"font-size: 12px\"><span style=\"font-family: arial, helvetica, sans-serif\"><span style=\"color: black; mso-bidi-font-size: 12.0pt; mso-fareast-font-family: 'times new roman'; mso-themecolor: text1\">Jornal Valor Econ&ocirc;mico em 03\/12\/2010<\/span><\/p>\n<p> \t<span style=\"color: black; mso-fareast-font-family: 'times new roman'; mso-themecolor: text1; mso-bidi-font-style: italic\">&quot;A mente que se abre a uma nova id&eacute;ia jamais voltar&aacute; ao seu tamanho original&quot;. A frase, do f&iacute;sico Albert Einstein, explica o salto que o Brasil dar&aacute; com o processo de moderniza&ccedil;&atilde;o da contabilidade p&uacute;blica, que vem sendo gestado para entrar em vigor a partir do ano que vem, na Uni&atilde;o; em 2012, nos Estados; e, em 2013, nos munic&iacute;pios. A gest&atilde;o p&uacute;blica deixar&aacute; de ter o or&ccedil;amento como &uacute;nica pe&ccedil;a de controle e come&ccedil;ar&aacute; a elaborar &#8211; e divulgar &#8211; balan&ccedil;os or&ccedil;ament&aacute;rio, financeiro e patrimonial, assim como demonstrativos de varia&ccedil;&otilde;es patrimoniais, de fluxo de caixa e de resultado econ&ocirc;mico. &Eacute; uma verdadeira revolu&ccedil;&atilde;o.<\/span><\/p>\n<p> \t<span style=\"color: black; mso-fareast-font-family: 'times new roman'; mso-themecolor: text1; mso-bidi-font-style: italic\">As rec&eacute;m-criadas Normas Brasileiras de Contabilidade Aplicadas ao Setor P&uacute;blico valorizam uma nova mentalidade. Trata-se de uma contabilidade que tamb&eacute;m leva em conta os custos das a&ccedil;&otilde;es de cada gestor, que hoje trabalham com a vis&atilde;o no or&ccedil;amento, executado entre 1&ordm; de janeiro e 31 de dezembro. O modelo atual n&atilde;o estimula a que se pense no valor dos gastos feitos, n&atilde;o h&aacute; no&ccedil;&atilde;o de custo. O dinheiro est&aacute; empenhado para ser gasto.<\/span><\/p>\n<p> \t<span style=\"color: black; mso-fareast-font-family: 'times new roman'; mso-themecolor: text1; mso-bidi-font-style: italic\">Voltando &agrave; frase de Einstein, a &quot;nova id&eacute;ia&quot; foi a ado&ccedil;&atilde;o, pela iniciativa privada, de princ&iacute;pios cont&aacute;beis convergentes &agrave;s normas internacionais de contabilidade (as IFRS, ou <\/span><span lang=\"EN-US\" style=\"color: black; mso-fareast-font-family: 'times new roman'; mso-themecolor: text1; mso-bidi-font-style: italic; mso-ansi-language: en-us\">International Financial Reporting Standards<\/span><span style=\"color: black; mso-fareast-font-family: 'times new roman'; mso-themecolor: text1; mso-bidi-font-style: italic\">). Assim como as empresas entenderam que era importante mostrar seus resultados de maneira transparente e com crit&eacute;rios que permitissem comparar desempenho com companhias de outros pa&iacute;ses, o governo tamb&eacute;m percebeu o valor da informa&ccedil;&atilde;o isenta para a gest&atilde;o p&uacute;blica.<\/span><\/p>\n<p> \t<span style=\"color: black; mso-fareast-font-family: 'times new roman'; mso-themecolor: text1; mso-bidi-font-style: italic\">A partir de 2011, a administra&ccedil;&atilde;o p&uacute;blica brasileira adotar&aacute; regras moldadas com base em padr&otilde;es internacionais. No momento em que precisamos atrair investimentos estrangeiros para realizar a Copa do Mundo e as Olimp&iacute;adas, a transpar&ecirc;ncia vale ouro. Os investidores tomam decis&otilde;es baseadas em estat&iacute;sticas e proje&ccedil;&otilde;es. Tornar os n&uacute;meros brasileiros intelig&iacute;veis internacionalmente dever&aacute; facilitar a capta&ccedil;&atilde;o de recursos.<\/span><\/p>\n<p> \t<span style=\"color: black; mso-fareast-font-family: 'times new roman'; mso-themecolor: text1; mso-bidi-font-style: italic\">O maior avan&ccedil;o na contabilidade p&uacute;blica se dar&aacute; pela consolida&ccedil;&atilde;o e padroniza&ccedil;&atilde;o das estat&iacute;sticas patrimoniais, or&ccedil;ament&aacute;rias e fiscais em todas as inst&acirc;ncias de governo. Da forma como &eacute; feita hoje, a contabilidade se resume ao controle da aplica&ccedil;&atilde;o dos recursos previstos no or&ccedil;amento, como mera presta&ccedil;&atilde;o de contas. A verdadeira contabilidade implica em sistemas de custos, indicadores de desempenho e avalia&ccedil;&atilde;o patrimonial, que permitem extrair an&aacute;lises qualitativas dos gastos e servem como instrumento de tomada de decis&atilde;o.<\/span><\/p>\n<p> \t<span style=\"color: black; mso-fareast-font-family: 'times new roman'; mso-themecolor: text1; mso-bidi-font-style: italic\">O balan&ccedil;o patrimonial &#8211; at&eacute; hoje inexistente &#8211; prev&ecirc; n&atilde;o s&oacute; a cataloga&ccedil;&atilde;o dos bens como a reavalia&ccedil;&atilde;o dos ativos imobilizados: desde as frotas de ve&iacute;culos at&eacute; os pr&eacute;dios p&uacute;blicos, passando pelas estradas e, por que n&atilde;o, as florestas nacionais. Um ve&iacute;culo adquirido h&aacute; dez anos tem, hoje, apenas uma fra&ccedil;&atilde;o do valor de compra. Um pr&eacute;dio de meio s&eacute;culo pode ter se valorizado enormemente.<\/span><\/p>\n<p> \t<span style=\"color: black; mso-fareast-font-family: 'times new roman'; mso-themecolor: text1; mso-bidi-font-style: italic\">Outra altera&ccedil;&atilde;o que vai revolucionar a contabilidade governamental e criar instrumentos para que os gestores comecem de fato a gerir os recursos p&uacute;blicos &#8211; e n&atilde;o apenas executar o or&ccedil;amento &#8211; diz respeito &agrave; forma de registrar o ingresso de receitas. Atualmente, a contabilidade p&uacute;blica registra a entrada de receitas apenas quando elas ingressam nos cofres p&uacute;blicos, enquanto que as despesas seguem o regime de compet&ecirc;ncia. N&atilde;o h&aacute; registro de ingressos futuros nem previs&atilde;o de gastos, a n&atilde;o ser os constantes do or&ccedil;amento de cada ano. Exemplo: os precat&oacute;rios n&atilde;o constam dos balan&ccedil;os como d&iacute;vidas da Uni&atilde;o, dos Estados ou dos munic&iacute;pios e s&oacute; s&atilde;o inclu&iacute;dos no or&ccedil;amento quando s&atilde;o efetivamente pagos. Isso quer dizer que, hoje, a contabilidade olha apenas o exerc&iacute;cio em curso, sem atentar para os reflexos futuros dos atos p&uacute;blicos.<\/span><\/p>\n<p> \t<span style=\"color: black; mso-fareast-font-family: 'times new roman'; mso-themecolor: text1; mso-bidi-font-style: italic\">A verdadeira contabilidade preza a continuidade. O regime de compet&ecirc;ncia para receitas e despesas e o controle patrimonial fornecer&atilde;o &agrave; administra&ccedil;&atilde;o p&uacute;blica instrumentos de gest&atilde;o vitais. O lan&ccedil;amento da receita de impostos pelo ano de compet&ecirc;ncia (independente de o contribuinte ter feito o recolhimento) vai permitir que a gest&atilde;o p&uacute;blica tenha uma previs&atilde;o do total a ser auferido. O mesmo vale para despesas, que ser&atilde;o contabilizadas pelo ano em que deveriam ter sido feitas. Em linguagem empresarial, isso significa ter controle de contas a pagar e a receber. A elabora&ccedil;&atilde;o de demonstra&ccedil;&otilde;es dos fluxos de caixa permitir&aacute; que os governos avaliem as a&ccedil;&otilde;es no longo prazo, projetando se ter&atilde;o condi&ccedil;&otilde;es financeiras de manter ou ampliar seus servi&ccedil;os. Trata-se de uma ferramenta de planejamento estrat&eacute;gico.<\/span><\/p>\n<p> \t<span style=\"color: black; mso-fareast-font-family: 'times new roman'; mso-themecolor: text1; mso-bidi-font-style: italic\">O desafio &eacute; enorme. Mas, ao final, ter&aacute; valido a pena e os novos controles ser&atilde;o instrumentos valiosos para o trabalho de fiscaliza&ccedil;&atilde;o dos tribunais de contas e da sociedade. A uniformiza&ccedil;&atilde;o da contabilidade e a ado&ccedil;&atilde;o das boas pr&aacute;ticas governamentais v&atilde;o ajudar a eliminar o maior aliado da inefici&ecirc;ncia e da corrup&ccedil;&atilde;o, que &eacute; a falta de procedimentos e de transpar&ecirc;ncia.<\/span><\/span><\/span><\/p>\n","protected":false},"excerpt":{"rendered":"<p>Texto de Enio De Biasi Jornal Valor Econ&ocirc;mico em 03\/12\/2010 &quot;A mente que se abre<\/p>\n","protected":false},"author":1,"featured_media":0,"comment_status":"closed","ping_status":"open","sticky":false,"template":"","format":"standard","meta":{"footnotes":""},"categories":[48],"tags":[],"class_list":["post-836","post","type-post","status-publish","format-standard","hentry","category-contabilidade-publica"],"_links":{"self":[{"href":"https:\/\/alcantara.pro.br\/portal\/wp-json\/wp\/v2\/posts\/836","targetHints":{"allow":["GET"]}}],"collection":[{"href":"https:\/\/alcantara.pro.br\/portal\/wp-json\/wp\/v2\/posts"}],"about":[{"href":"https:\/\/alcantara.pro.br\/portal\/wp-json\/wp\/v2\/types\/post"}],"author":[{"embeddable":true,"href":"https:\/\/alcantara.pro.br\/portal\/wp-json\/wp\/v2\/users\/1"}],"replies":[{"embeddable":true,"href":"https:\/\/alcantara.pro.br\/portal\/wp-json\/wp\/v2\/comments?post=836"}],"version-history":[{"count":0,"href":"https:\/\/alcantara.pro.br\/portal\/wp-json\/wp\/v2\/posts\/836\/revisions"}],"wp:attachment":[{"href":"https:\/\/alcantara.pro.br\/portal\/wp-json\/wp\/v2\/media?parent=836"}],"wp:term":[{"taxonomy":"category","embeddable":true,"href":"https:\/\/alcantara.pro.br\/portal\/wp-json\/wp\/v2\/categories?post=836"},{"taxonomy":"post_tag","embeddable":true,"href":"https:\/\/alcantara.pro.br\/portal\/wp-json\/wp\/v2\/tags?post=836"}],"curies":[{"name":"wp","href":"https:\/\/api.w.org\/{rel}","templated":true}]}}