{"id":5870,"date":"2018-05-23T15:57:48","date_gmt":"2018-05-23T18:57:48","guid":{"rendered":"http:\/\/alcantara.pro.br\/portal\/?p=5870"},"modified":"2023-09-26T13:45:28","modified_gmt":"2023-09-26T13:45:28","slug":"abnt-altera-regras-de-artigo-cientifico","status":"publish","type":"post","link":"https:\/\/alcantara.pro.br\/portal\/2018\/05\/23\/abnt-altera-regras-de-artigo-cientifico\/","title":{"rendered":"ABNT altera regras de formata\u00e7\u00e3o de artigos cient\u00edficos"},"content":{"rendered":"<p><span style=\"font-family: arial, helvetica, sans-serif;\">A\u00a0ABNT\u00a0publicou, em 16.05.2018, a norma\u00a0<strong>ABNT<\/strong><strong>\u00a0NBR 6022:2018 &#8211; Informa\u00e7\u00e3o e documenta\u00e7\u00e3o &#8211; Artigo em publica\u00e7\u00e3o peri\u00f3dica t\u00e9cnica e\/ou cient\u00edfica &#8211; Apresenta\u00e7\u00e3o,<\/strong> que revisa a norma\u00a0<strong>ABNT<\/strong><strong>\u00a0NBR 6022:2003<\/strong>.<\/span><\/p>\n<p><span style=\"font-family: arial, helvetica, sans-serif;\">Foram muitas novidades. Preparamos um breve resumo das principais mudan\u00e7as, confira.<\/span><\/p>\n<p><span style=\"color: #ff0000; font-family: arial, helvetica, sans-serif;\"><strong>SE\u00c7\u00c3O TERMOS E DEFINI\u00c7\u00d5ES<\/strong><\/span><\/p>\n<ul>\n<li><span style=\"font-family: arial, helvetica, sans-serif;\">Termos acrescentados: agradecimentos; peri\u00f3dico t\u00e9cnico e\/ou cient\u00edfico; e se\u00e7\u00e3o.<\/span><\/li>\n<li><span style=\"font-family: arial, helvetica, sans-serif;\">Termos que tiveram nova reda\u00e7\u00e3o na descri\u00e7\u00e3o de suas defini\u00e7\u00f5es: publica\u00e7\u00e3o peri\u00f3dica t\u00e9cnica e\/ou cient\u00edfica; e tabela.<\/span><\/li>\n<li><span style=\"font-family: arial, helvetica, sans-serif;\">Termos que teve seu nome alterado: artigo t\u00e9cnico e\/ou cient\u00edfico.<\/span><\/li>\n<\/ul>\n<p><span style=\"color: #ff0000; font-family: arial, helvetica, sans-serif;\"><strong>MUDAN\u00c7A NA ESTRUTURA DO ARTIGO<\/strong><\/span><\/p>\n<p><span style=\"font-family: arial, helvetica, sans-serif;\">A disposi\u00e7\u00e3o e conte\u00fado dos elementos Pr\u00e9 e P\u00f3s-Textuais, foi bastante alterada, ficando como segue:<\/span><\/p>\n<p><span style=\"font-family: arial, helvetica, sans-serif;\"><strong><em>Elementos pr\u00e9-textuais <\/em><\/strong><\/span><\/p>\n<ul>\n<li><span style=\"font-family: arial, helvetica, sans-serif;\">T\u00edtulo no idioma do documento (obrigat\u00f3rio)<\/span><\/li>\n<li><span style=\"font-family: arial, helvetica, sans-serif;\">T\u00edtulo em outro idioma(opcional)<\/span><\/li>\n<li><span style=\"font-family: arial, helvetica, sans-serif;\">Autor (obrigat\u00f3rio)<\/span><\/li>\n<li><span style=\"font-family: arial, helvetica, sans-serif;\">Resumo no idioma do documento(obrigat\u00f3rio)<\/span><\/li>\n<li><span style=\"font-family: arial, helvetica, sans-serif;\">Resumo em outro idioma(opcional)<\/span><\/li>\n<li><span style=\"font-family: arial, helvetica, sans-serif;\">Datas de submiss\u00e3o e aprova\u00e7\u00e3o do artigo (obrigat\u00f3rio)<\/span><\/li>\n<li><span style=\"font-family: arial, helvetica, sans-serif;\">Identifica\u00e7\u00e3o e disponibilidade (opcional)<\/span><\/li>\n<\/ul>\n<p><span style=\"font-family: arial, helvetica, sans-serif;\"><strong><em>Elementos textuais <\/em><\/strong><\/span><\/p>\n<ul>\n<li><span style=\"font-family: arial, helvetica, sans-serif;\">Introdu\u00e7\u00e3o (obrigat\u00f3rio)<\/span><\/li>\n<li><span style=\"font-family: arial, helvetica, sans-serif;\">Desenvolvimento(obrigat\u00f3rio)<\/span><\/li>\n<li><span style=\"font-family: arial, helvetica, sans-serif;\">Considera\u00e7\u00f5es finais(obrigat\u00f3rio)<\/span><\/li>\n<\/ul>\n<p><span style=\"font-family: arial, helvetica, sans-serif;\"><strong><em>Elementos p\u00f3s-textuais <\/em><\/strong><\/span><\/p>\n<ul>\n<li><span style=\"font-family: arial, helvetica, sans-serif;\">Refer\u00eancia (obrigat\u00f3rio)<\/span><\/li>\n<li><span style=\"font-family: arial, helvetica, sans-serif;\">Gloss\u00e1rio (opcional)<\/span><\/li>\n<li><span style=\"font-family: arial, helvetica, sans-serif;\">Ap\u00eandice(opcional)<\/span><\/li>\n<li><span style=\"font-family: arial, helvetica, sans-serif;\">Anexo(opcional)<\/span><\/li>\n<li><span style=\"font-family: arial, helvetica, sans-serif;\">Agradecimentos(opcional)<\/span><\/li>\n<\/ul>\n<p><span style=\"color: #ff0000; font-family: arial, helvetica, sans-serif;\"><strong>ALTERA\u00c7\u00c3O NOS ELEMENTOS PR\u00c9-TEXTUAIS<\/strong><\/span><\/p>\n<ul>\n<li><span style=\"font-family: arial, helvetica, sans-serif;\"><strong>Autor<\/strong>: Foi dado nova reda\u00e7\u00e3o \u00e0 forma de indica\u00e7\u00e3o do nome do(s) autor(es).<\/span><\/li>\n<\/ul>\n<p style=\"padding-left: 60px;\"><span style=\"font-family: arial, helvetica, sans-serif;\"><em>O nome do autor deve ser inserido de forma direta: prenome (abreviado ou n\u00e3o) e sobrenome. Para mais de um autor. os nomes podem ser grafados na mesma linha. separados por v\u00edrgula. ou em linhas distintas. Deve constar o curr\u00edculo sucinto de cada autor, com vincula\u00e7\u00e3o corporativa e endere\u00e7o de contato.<\/em><\/span><\/p>\n<p style=\"padding-left: 60px;\"><span style=\"font-family: arial, helvetica, sans-serif;\"><em>\u00a0<\/em><em>Recomenda-se que os dados de vincula\u00e7\u00e3o e endere\u00e7o constem em nota. com sistema de chamada pr\u00f3prio, diferente do sistema adotado para cita\u00e7\u00f5es no texto.<\/em><\/span><\/p>\n<ul>\n<li><span style=\"font-family: arial, helvetica, sans-serif;\"><strong>Identifica\u00e7\u00e3o e Responsabilidade<\/strong>: Esta \u00e9 uma nova informa\u00e7\u00e3o que pode ser acrescida ao artigo.<\/span><\/li>\n<\/ul>\n<p style=\"padding-left: 60px;\"><span style=\"font-family: arial, helvetica, sans-serif;\"><em>Pode ser indicado o endere\u00e7o eletr\u00f4nico, DOI. suportes e outras informa\u00e7\u00f5es relativas ao acesso do documento.<\/em><\/span><\/p>\n<p><span style=\"color: #ff0000; font-family: arial, helvetica, sans-serif;\"><strong>ALTERA\u00c7\u00c3O NOS ELEMENTOS TEXTUAIS<\/strong><\/span><\/p>\n<ul>\n<li><span style=\"font-family: arial, helvetica, sans-serif;\"><strong>T\u00edtulos<\/strong>: A nomenclatura dos t\u00edtulos dos elementos textuais fica a crit\u00e9rio do autor.<\/span><\/li>\n<\/ul>\n<p><span style=\"color: #ff0000; font-family: arial, helvetica, sans-serif;\"><strong>ALTERA\u00c7\u00c3O NOS ELEMENTOS P\u00d3S-TEXTUAIS<\/strong><\/span><\/p>\n<p><span style=\"font-family: arial, helvetica, sans-serif;\">Elementos que antes figuravam nos elementos p\u00f3s-textuais, e que <strong>passam a compor os elementos pr\u00e9-textuais<\/strong><\/span><\/p>\n<ul>\n<li><span style=\"font-family: arial, helvetica, sans-serif;\">T\u00edtulo em outro idioma (opcional)<\/span><\/li>\n<li><span style=\"font-family: arial, helvetica, sans-serif;\">Resumo em outro idioma (opcional)<\/span><\/li>\n<li><span style=\"font-family: arial, helvetica, sans-serif;\">Palavras Chave em outro idioma (opcional)<\/span><\/li>\n<\/ul>\n<p><span style=\"color: #ff0000; font-family: arial, helvetica, sans-serif;\"><strong>REGRAS GERAIS<\/strong><\/span><\/p>\n<p><span style=\"font-family: arial, helvetica, sans-serif;\">Foi inserida novas regras quanto a: formato; se\u00e7\u00f5es; e cita\u00e7\u00f5es e notas.<\/span><\/p>\n<ul>\n<li><span style=\"font-family: arial, helvetica, sans-serif;\"><strong>Formato<\/strong><\/span><\/li>\n<\/ul>\n<p style=\"padding-left: 60px;\"><span style=\"font-family: arial, helvetica, sans-serif;\"><em>Recomenda-se fonte em tamanho 12 e espa\u00e7amento simples, padronizados para lodo o artigo. <\/em><\/span><\/p>\n<p style=\"padding-left: 60px;\"><span style=\"font-family: arial, helvetica, sans-serif;\"><em>\u00a0<\/em><em>As cita\u00e7\u00f5es com mais de tr\u00eas linhas, pagina\u00e7\u00e3o, notas, legendas e fontes das ilustra\u00e7\u00f5es e tabelas devem ser em tamanho menor e uniforme. <\/em><\/span><\/p>\n<p style=\"padding-left: 60px;\"><span style=\"font-family: arial, helvetica, sans-serif;\"><em>\u00a0<\/em><em>O projeto gr\u00e1fico fica a crit\u00e9rio do editor.<\/em><\/span><\/p>\n<ul>\n<li><span style=\"font-family: arial, helvetica, sans-serif;\"><strong>Se\u00e7\u00f5es<\/strong><\/span><\/li>\n<\/ul>\n<p style=\"padding-left: 60px;\"><span style=\"font-family: arial, helvetica, sans-serif;\"><em>\u00a0<\/em><em>Os t\u00edtulos das se\u00e7\u00f5es com ou sem Indicativo num\u00e9rico devem ser conforme a ABNT NBR 6024.<\/em><\/span><\/p>\n<ul>\n<li><span style=\"font-family: arial, helvetica, sans-serif;\"><strong>Cita\u00e7\u00f5es e Notas<\/strong><em>\u00a0<\/em><\/span><\/li>\n<\/ul>\n<p style=\"padding-left: 60px;\"><span style=\"font-family: arial, helvetica, sans-serif;\"><em>Cita\u00e7\u00f5es e notas devem ser conforme a ABNT NBR 10520. Notas de tabelas devem ser conforme as<\/em><em>\u00a0<\/em><\/span><\/p>\n<p style=\"padding-left: 60px;\"><span style=\"font-family: arial, helvetica, sans-serif;\"><em>Normas de tabela devem ser conforme as Normas de apresenta\u00e7\u00e3o tabular do Instituto Brasileiro de Geografia e Estat\u00edstica (IBGE).<\/em><\/span><\/p>\n<p><span style=\"font-family: arial, helvetica, sans-serif;\">Foi dado nova reda\u00e7\u00e3o \u00e0s seguintes regras:<\/span><\/p>\n<ul>\n<li><span style=\"font-family: arial, helvetica, sans-serif;\"><strong>Ilustra\u00e7\u00f5es<\/strong>: Foi dado uma nova e ampla reda\u00e7\u00e3o \u00e0 forma de inser\u00e7\u00e3o de ilustra\u00e7\u00f5es ao longo do artigo, incluindo um exemplo de seu uso, de forma ficar claro o posicionamento do t\u00edtulo e rodap\u00e9 dos mesmos.<\/span><\/li>\n<li><span style=\"font-family: arial, helvetica, sans-serif;\"><strong>Tabelas<\/strong>: Foi dado uma nova e ampla reda\u00e7\u00e3o \u00e0 forma de inser\u00e7\u00e3o de tabelas ao longo do artigo.<\/span><\/li>\n<\/ul>\n<p><span style=\"color: #ff0000; font-family: arial, helvetica, sans-serif;\"><strong>NORMAS CORRELATAS<\/strong><\/span><\/p>\n<p><span style=\"font-family: arial, helvetica, sans-serif;\">Normas que continuam necess\u00e1rias para a aplica\u00e7\u00e3o da ABNT NBR 6022:2018<\/span><\/p>\n<ul>\n<li><span style=\"font-family: arial, helvetica, sans-serif;\">ABNT NBR 10520:2002<\/span><\/li>\n<li><span style=\"font-family: arial, helvetica, sans-serif;\">ABNT NBR 6023:2002<\/span><\/li>\n<li><span style=\"font-family: arial, helvetica, sans-serif;\">ABNT NBR 6024:2012<\/span><\/li>\n<li><span style=\"font-family: arial, helvetica, sans-serif;\">ABNT NBR 6028:2003<\/span><\/li>\n<li><span style=\"font-family: arial, helvetica, sans-serif;\">IBGE Normas de Apresenta\u00e7\u00e3o tabular. 3. ed. Rio de Janeiro, 1993<\/span><\/li>\n<\/ul>\n<p><span style=\"font-family: arial, helvetica, sans-serif;\">Para ter acesso \u00e0 integra da norma veja <a href=\"http:\/\/www.abntcatalogo.com.br\/norma.aspx?ID=395357\" target=\"_blank\" rel=\"noopener\">aqui<\/a> no site da ABNT.<\/span><\/p>\n","protected":false},"excerpt":{"rendered":"<p>A\u00a0ABNT\u00a0publicou, em 16.05.2018, a norma\u00a0ABNT\u00a0NBR 6022:2018 &#8211; Informa\u00e7\u00e3o e documenta\u00e7\u00e3o &#8211; Artigo em publica\u00e7\u00e3o peri\u00f3dica<\/p>\n","protected":false},"author":1,"featured_media":10603,"comment_status":"open","ping_status":"open","sticky":false,"template":"","format":"standard","meta":{"footnotes":""},"categories":[185],"tags":[],"class_list":["post-5870","post","type-post","status-publish","format-standard","has-post-thumbnail","hentry","category-c81-tcc-metodologia-da-pesquisa"],"_links":{"self":[{"href":"https:\/\/alcantara.pro.br\/portal\/wp-json\/wp\/v2\/posts\/5870","targetHints":{"allow":["GET"]}}],"collection":[{"href":"https:\/\/alcantara.pro.br\/portal\/wp-json\/wp\/v2\/posts"}],"about":[{"href":"https:\/\/alcantara.pro.br\/portal\/wp-json\/wp\/v2\/types\/post"}],"author":[{"embeddable":true,"href":"https:\/\/alcantara.pro.br\/portal\/wp-json\/wp\/v2\/users\/1"}],"replies":[{"embeddable":true,"href":"https:\/\/alcantara.pro.br\/portal\/wp-json\/wp\/v2\/comments?post=5870"}],"version-history":[{"count":1,"href":"https:\/\/alcantara.pro.br\/portal\/wp-json\/wp\/v2\/posts\/5870\/revisions"}],"predecessor-version":[{"id":10607,"href":"https:\/\/alcantara.pro.br\/portal\/wp-json\/wp\/v2\/posts\/5870\/revisions\/10607"}],"wp:featuredmedia":[{"embeddable":true,"href":"https:\/\/alcantara.pro.br\/portal\/wp-json\/wp\/v2\/media\/10603"}],"wp:attachment":[{"href":"https:\/\/alcantara.pro.br\/portal\/wp-json\/wp\/v2\/media?parent=5870"}],"wp:term":[{"taxonomy":"category","embeddable":true,"href":"https:\/\/alcantara.pro.br\/portal\/wp-json\/wp\/v2\/categories?post=5870"},{"taxonomy":"post_tag","embeddable":true,"href":"https:\/\/alcantara.pro.br\/portal\/wp-json\/wp\/v2\/tags?post=5870"}],"curies":[{"name":"wp","href":"https:\/\/api.w.org\/{rel}","templated":true}]}}