{"id":15407,"date":"2026-04-30T19:06:09","date_gmt":"2026-04-30T19:06:09","guid":{"rendered":"https:\/\/alcantara.pro.br\/portal\/?p=15407"},"modified":"2026-05-01T21:07:49","modified_gmt":"2026-05-01T21:07:49","slug":"sefaz-pernambuco-capacita-mais-uma-turma-em-auditoria-contabil","status":"publish","type":"post","link":"https:\/\/alcantara.pro.br\/portal\/2026\/04\/30\/sefaz-pernambuco-capacita-mais-uma-turma-em-auditoria-contabil\/","title":{"rendered":"SEFAZ Pernambuco capacita mais uma turma em Auditoria Cont\u00e1bil"},"content":{"rendered":"<p style=\"text-align: right;\">Por Alexandre Alcantara<\/p>\n<p style=\"text-align: justify;\">Conclu\u00edmos hoje a\u00a0capacita\u00e7\u00e3o em &#8220;<strong>Auditoria Cont\u00e1bil Tribut\u00e1ria do ICMS &#8211; M\u00f3dulo B\u00e1sico<\/strong>&#8220;, com a participa\u00e7\u00e3o de trinta auditores fiscais da Secretaria de Estado de Pernambuco. Esta \u00e9 a terceira turma organizada pela SEFAZ PE, e contou com a participa\u00e7\u00e3o de auditores que atuam na capital e interior do Estado.<\/p>\n<p style=\"text-align: justify;\"><strong>Alguns dos conte\u00fados apresentados<\/strong><\/p>\n<p style=\"text-align: justify;\">Durante o treinamento os participantes tiveram a oportunidade de conhecer as principais modalidades de fraudes cont\u00e1beis praticadas pelos contribuintes para se eximirem da obriga\u00e7\u00e3o tribut\u00e1ria relacionada ao ICMS e as principais t\u00e9cnicas de Auditoria Cont\u00e1bil aplic\u00e1veis na sua identifica\u00e7\u00e3o.<\/p>\n<p style=\"text-align: justify;\">Os cuidados a serem observados na coleta de provas indici\u00e1rias do cometimento das fraudes cont\u00e1beis e a import\u00e2ncia do uso das informa\u00e7\u00f5es financeiras fornecidas pelas institui\u00e7\u00f5es financeiras, em observ\u00e2ncia ao disposto no artigo 6\u00ba da Lei Complementar n\u00ba 105\/2001, j\u00e1 regulamentada no \u00e2mbito do Distrito Federal, foram um dos destaques abordados no treinamento, atrav\u00e9s da discuss\u00e3o de procedimentos e jurisprud\u00eancias espec\u00edficas.<\/p>\n<p style=\"text-align: justify;\">Os auditores viram como aplicar, com as devidas adapta\u00e7\u00f5es, as normas de auditoria expedidas pelo Conselho Federal de Contabilidade (Normas Brasileiras de Contabilidade -NBC TA \u2013Auditoria Independente de Informa\u00e7\u00e3o Cont\u00e1bil Hist\u00f3rica), relacionadas aos procedimentos de an\u00e1lise da escritura\u00e7\u00e3o cont\u00e1bil e respectivas demonstra\u00e7\u00f5es, com vistas \u00e0 identifica\u00e7\u00e3o de omiss\u00e3o de receitas.<\/p>\n<p style=\"text-align: justify;\">Os procedimentos de auditoria foram ilustrados de forma bem objetiva sobre como aplicar as diretivas de auditoria expedidas pelo CFC e demais t\u00e9cnicas de auditoria cont\u00e1bil tribut\u00e1ria mediante utiliza\u00e7\u00e3o de recursos espec\u00edficos de aplicativos especialistas de auditoria cont\u00e1bil. Os principais aplicativos apresentados como essenciais aos trabalhos de auditoria cont\u00e1bil tribut\u00e1ria foram: Cont\u00e1gil Lite, Programa Gerador da Escritura\u00e7\u00e3o (PGE), Sistema de Investiga\u00e7\u00e3o da Movimenta\u00e7\u00e3o Banc\u00e1ria (SIMBA), import\u00e2ncia do acesso ao CCS (Banco Central) e o ReceitaNetBX.<\/p>\n<p>O curso apresentou diversos estudos de caso, permitindo que a turma debatesse solu\u00e7\u00f5es pr\u00e1ticas e analisasse variadas jurisprud\u00eancias administrativas e judiciais, al\u00e9m de uma mini oficina de auditoria, na qual os participantes tiveram a oportunidade de identificar algumas das principais fraudes cont\u00e1beis com repercuss\u00f5es tribut\u00e1rias.<\/p>\n<p style=\"text-align: justify;\"><strong>Conte\u00fado online com acesso exclusivo<\/strong><\/p>\n<p style=\"text-align: justify;\">Os auditores fiscais participantes tiveram acesso a uma exclusiva plataforma de educa\u00e7\u00e3o a dist\u00e2ncia, na qual puderam acessar um amplo repert\u00f3rio de conte\u00fados essenciais para as atividades de auditoria, incluindo modelos diversos e os estudos de caso discutidos em sala de aula. Muitos recursos que ser\u00e3o uteis para o dia a dia do auditor fiscal.<\/p>\n<p style=\"text-align: justify;\"><strong>Acesso a livro exclusivo<\/strong><\/p>\n<p><img loading=\"lazy\" decoding=\"async\" class=\" wp-image-15408 alignleft\" src=\"https:\/\/alcantara.pro.br\/portal\/wp-content\/uploads\/2026\/05\/ManualAUDIC-Capa_Final_2ed_01.png\" alt=\"\" width=\"114\" height=\"152\" srcset=\"https:\/\/alcantara.pro.br\/portal\/wp-content\/uploads\/2026\/05\/ManualAUDIC-Capa_Final_2ed_01.png 480w, https:\/\/alcantara.pro.br\/portal\/wp-content\/uploads\/2026\/05\/ManualAUDIC-Capa_Final_2ed_01-226x300.png 226w, https:\/\/alcantara.pro.br\/portal\/wp-content\/uploads\/2026\/05\/ManualAUDIC-Capa_Final_2ed_01-450x600.png 450w\" sizes=\"auto, (max-width: 114px) 100vw, 114px\" \/><\/p>\n<p style=\"text-align: justify;\">Todos os alunos receberam um exemplar da segunda edi\u00e7\u00e3o do\u00a0 &#8220;<a href=\"https:\/\/www.alcantaraeducacional.com.br\/manual.html\" target=\"_blank\" rel=\"noopener\"><strong>Manual de Auditoria Cont\u00e1bil Tribut\u00e1ria<\/strong><\/a>&#8220;, uma obra com 488 p\u00e1ginas com muito conte\u00fado pr\u00e1tico como todo manual deve ser, o qual foi largamente usado e citado em sala de aula.<\/p>\n<p style=\"text-align: justify;\">Este manual \u00e9 um recurso exclusivo para as nossas turmas de treinamento, estando inteiramente ligado ao curso, ajudando os participantes durante as abordagens que fazemos em sala de aula.<\/p>\n<p>&nbsp;<\/p>\n<p><img loading=\"lazy\" decoding=\"async\" class=\"aligncenter size-full wp-image-15410\" src=\"https:\/\/alcantara.pro.br\/portal\/wp-content\/uploads\/2026\/05\/aud034-AUDIC-Pernambuco_turma.jpeg\" alt=\"\" width=\"1143\" height=\"534\" srcset=\"https:\/\/alcantara.pro.br\/portal\/wp-content\/uploads\/2026\/05\/aud034-AUDIC-Pernambuco_turma.jpeg 1143w, https:\/\/alcantara.pro.br\/portal\/wp-content\/uploads\/2026\/05\/aud034-AUDIC-Pernambuco_turma-300x140.jpeg 300w, https:\/\/alcantara.pro.br\/portal\/wp-content\/uploads\/2026\/05\/aud034-AUDIC-Pernambuco_turma-1024x478.jpeg 1024w, https:\/\/alcantara.pro.br\/portal\/wp-content\/uploads\/2026\/05\/aud034-AUDIC-Pernambuco_turma-768x359.jpeg 768w\" sizes=\"auto, (max-width: 1143px) 100vw, 1143px\" \/><\/p>\n","protected":false},"excerpt":{"rendered":"<p>Por Alexandre Alcantara Conclu\u00edmos hoje a\u00a0capacita\u00e7\u00e3o em &#8220;Auditoria Cont\u00e1bil Tribut\u00e1ria do ICMS &#8211; M\u00f3dulo B\u00e1sico&#8220;,<\/p>\n","protected":false},"author":1,"featured_media":0,"comment_status":"closed","ping_status":"open","sticky":false,"template":"","format":"standard","meta":{"footnotes":""},"categories":[16,232],"tags":[],"class_list":["post-15407","post","type-post","status-publish","format-standard","hentry","category-auditoria-contabil-tributaria","category-pernambuco"],"yoast_head":"<!-- This site is optimized with the Yoast SEO plugin v27.5 - https:\/\/yoast.com\/product\/yoast-seo-wordpress\/ -->\n<title>SEFAZ Pernambuco capacita mais uma turma em Auditoria Cont\u00e1bil - Prof. Alexandre Alcantara<\/title>\n<meta name=\"robots\" content=\"index, follow, max-snippet:-1, max-image-preview:large, max-video-preview:-1\" \/>\n<link rel=\"canonical\" href=\"https:\/\/alcantara.pro.br\/portal\/2026\/04\/30\/sefaz-pernambuco-capacita-mais-uma-turma-em-auditoria-contabil\/\" \/>\n<meta property=\"og:locale\" content=\"pt_BR\" \/>\n<meta property=\"og:type\" content=\"article\" \/>\n<meta property=\"og:title\" content=\"SEFAZ Pernambuco capacita mais uma turma em Auditoria Cont\u00e1bil - Prof. Alexandre Alcantara\" \/>\n<meta property=\"og:description\" content=\"Por Alexandre Alcantara Conclu\u00edmos hoje a\u00a0capacita\u00e7\u00e3o em &#8220;Auditoria Cont\u00e1bil Tribut\u00e1ria do ICMS &#8211; M\u00f3dulo B\u00e1sico&#8220;,\" \/>\n<meta property=\"og:url\" content=\"https:\/\/alcantara.pro.br\/portal\/2026\/04\/30\/sefaz-pernambuco-capacita-mais-uma-turma-em-auditoria-contabil\/\" \/>\n<meta property=\"og:site_name\" content=\"Prof. Alexandre Alcantara\" \/>\n<meta property=\"article:published_time\" content=\"2026-04-30T19:06:09+00:00\" \/>\n<meta property=\"article:modified_time\" content=\"2026-05-01T21:07:49+00:00\" \/>\n<meta property=\"og:image\" content=\"https:\/\/alcantara.pro.br\/portal\/wp-content\/uploads\/2026\/05\/ManualAUDIC-Capa_Final_2ed_01.png\" \/>\n\t<meta property=\"og:image:width\" content=\"480\" \/>\n\t<meta property=\"og:image:height\" content=\"638\" \/>\n\t<meta property=\"og:image:type\" content=\"image\/png\" \/>\n<meta name=\"author\" content=\"Editoria: Prof. Alexandre Alcantara\" \/>\n<meta name=\"twitter:card\" content=\"summary_large_image\" \/>\n<meta name=\"twitter:label1\" content=\"Escrito por\" \/>\n\t<meta name=\"twitter:data1\" content=\"Editoria: Prof. Alexandre Alcantara\" \/>\n\t<meta name=\"twitter:label2\" content=\"Est. tempo de leitura\" \/>\n\t<meta name=\"twitter:data2\" content=\"3 minutos\" \/>\n<script type=\"application\/ld+json\" class=\"yoast-schema-graph\">{\"@context\":\"https:\\\/\\\/schema.org\",\"@graph\":[{\"@type\":\"Article\",\"@id\":\"https:\\\/\\\/alcantara.pro.br\\\/portal\\\/2026\\\/04\\\/30\\\/sefaz-pernambuco-capacita-mais-uma-turma-em-auditoria-contabil\\\/#article\",\"isPartOf\":{\"@id\":\"https:\\\/\\\/alcantara.pro.br\\\/portal\\\/2026\\\/04\\\/30\\\/sefaz-pernambuco-capacita-mais-uma-turma-em-auditoria-contabil\\\/\"},\"author\":{\"name\":\"Editoria: Prof. Alexandre Alcantara\",\"@id\":\"https:\\\/\\\/alcantara.pro.br\\\/portal\\\/#\\\/schema\\\/person\\\/1991ac6c2adfbaedfb22ff57aed2c7db\"},\"headline\":\"SEFAZ Pernambuco capacita mais uma turma em Auditoria Cont\u00e1bil\",\"datePublished\":\"2026-04-30T19:06:09+00:00\",\"dateModified\":\"2026-05-01T21:07:49+00:00\",\"mainEntityOfPage\":{\"@id\":\"https:\\\/\\\/alcantara.pro.br\\\/portal\\\/2026\\\/04\\\/30\\\/sefaz-pernambuco-capacita-mais-uma-turma-em-auditoria-contabil\\\/\"},\"wordCount\":534,\"publisher\":{\"@id\":\"https:\\\/\\\/alcantara.pro.br\\\/portal\\\/#\\\/schema\\\/person\\\/638376dc60edb285cf5914ea02e73975\"},\"image\":{\"@id\":\"https:\\\/\\\/alcantara.pro.br\\\/portal\\\/2026\\\/04\\\/30\\\/sefaz-pernambuco-capacita-mais-uma-turma-em-auditoria-contabil\\\/#primaryimage\"},\"thumbnailUrl\":\"https:\\\/\\\/alcantara.pro.br\\\/portal\\\/wp-content\\\/uploads\\\/2026\\\/05\\\/ManualAUDIC-Capa_Final_2ed_01.png\",\"articleSection\":[\"Auditoria Cont\u00e1bil Tribut\u00e1ria\",\"Pernambuco\"],\"inLanguage\":\"pt-BR\"},{\"@type\":\"WebPage\",\"@id\":\"https:\\\/\\\/alcantara.pro.br\\\/portal\\\/2026\\\/04\\\/30\\\/sefaz-pernambuco-capacita-mais-uma-turma-em-auditoria-contabil\\\/\",\"url\":\"https:\\\/\\\/alcantara.pro.br\\\/portal\\\/2026\\\/04\\\/30\\\/sefaz-pernambuco-capacita-mais-uma-turma-em-auditoria-contabil\\\/\",\"name\":\"SEFAZ Pernambuco capacita mais uma turma em Auditoria Cont\u00e1bil - Prof. Alexandre Alcantara\",\"isPartOf\":{\"@id\":\"https:\\\/\\\/alcantara.pro.br\\\/portal\\\/#website\"},\"primaryImageOfPage\":{\"@id\":\"https:\\\/\\\/alcantara.pro.br\\\/portal\\\/2026\\\/04\\\/30\\\/sefaz-pernambuco-capacita-mais-uma-turma-em-auditoria-contabil\\\/#primaryimage\"},\"image\":{\"@id\":\"https:\\\/\\\/alcantara.pro.br\\\/portal\\\/2026\\\/04\\\/30\\\/sefaz-pernambuco-capacita-mais-uma-turma-em-auditoria-contabil\\\/#primaryimage\"},\"thumbnailUrl\":\"https:\\\/\\\/alcantara.pro.br\\\/portal\\\/wp-content\\\/uploads\\\/2026\\\/05\\\/ManualAUDIC-Capa_Final_2ed_01.png\",\"datePublished\":\"2026-04-30T19:06:09+00:00\",\"dateModified\":\"2026-05-01T21:07:49+00:00\",\"breadcrumb\":{\"@id\":\"https:\\\/\\\/alcantara.pro.br\\\/portal\\\/2026\\\/04\\\/30\\\/sefaz-pernambuco-capacita-mais-uma-turma-em-auditoria-contabil\\\/#breadcrumb\"},\"inLanguage\":\"pt-BR\",\"potentialAction\":[{\"@type\":\"ReadAction\",\"target\":[\"https:\\\/\\\/alcantara.pro.br\\\/portal\\\/2026\\\/04\\\/30\\\/sefaz-pernambuco-capacita-mais-uma-turma-em-auditoria-contabil\\\/\"]}]},{\"@type\":\"ImageObject\",\"inLanguage\":\"pt-BR\",\"@id\":\"https:\\\/\\\/alcantara.pro.br\\\/portal\\\/2026\\\/04\\\/30\\\/sefaz-pernambuco-capacita-mais-uma-turma-em-auditoria-contabil\\\/#primaryimage\",\"url\":\"https:\\\/\\\/alcantara.pro.br\\\/portal\\\/wp-content\\\/uploads\\\/2026\\\/05\\\/ManualAUDIC-Capa_Final_2ed_01.png\",\"contentUrl\":\"https:\\\/\\\/alcantara.pro.br\\\/portal\\\/wp-content\\\/uploads\\\/2026\\\/05\\\/ManualAUDIC-Capa_Final_2ed_01.png\",\"width\":480,\"height\":638},{\"@type\":\"BreadcrumbList\",\"@id\":\"https:\\\/\\\/alcantara.pro.br\\\/portal\\\/2026\\\/04\\\/30\\\/sefaz-pernambuco-capacita-mais-uma-turma-em-auditoria-contabil\\\/#breadcrumb\",\"itemListElement\":[{\"@type\":\"ListItem\",\"position\":1,\"name\":\"In\u00edcio\",\"item\":\"https:\\\/\\\/alcantara.pro.br\\\/portal\\\/\"},{\"@type\":\"ListItem\",\"position\":2,\"name\":\"SEFAZ Pernambuco capacita mais uma turma em Auditoria Cont\u00e1bil\"}]},{\"@type\":\"WebSite\",\"@id\":\"https:\\\/\\\/alcantara.pro.br\\\/portal\\\/#website\",\"url\":\"https:\\\/\\\/alcantara.pro.br\\\/portal\\\/\",\"name\":\"Prof. Alexandre Alcantara\",\"description\":\"\",\"publisher\":{\"@id\":\"https:\\\/\\\/alcantara.pro.br\\\/portal\\\/#\\\/schema\\\/person\\\/638376dc60edb285cf5914ea02e73975\"},\"potentialAction\":[{\"@type\":\"SearchAction\",\"target\":{\"@type\":\"EntryPoint\",\"urlTemplate\":\"https:\\\/\\\/alcantara.pro.br\\\/portal\\\/?s={search_term_string}\"},\"query-input\":{\"@type\":\"PropertyValueSpecification\",\"valueRequired\":true,\"valueName\":\"search_term_string\"}}],\"inLanguage\":\"pt-BR\"},{\"@type\":[\"Person\",\"Organization\"],\"@id\":\"https:\\\/\\\/alcantara.pro.br\\\/portal\\\/#\\\/schema\\\/person\\\/638376dc60edb285cf5914ea02e73975\",\"name\":\"Alexandre Alcantara\",\"image\":{\"@type\":\"ImageObject\",\"inLanguage\":\"pt-BR\",\"@id\":\"https:\\\/\\\/alcantara.pro.br\\\/portal\\\/wp-content\\\/uploads\\\/2025\\\/06\\\/cropped-logo-quadrada-nova-1.png\",\"url\":\"https:\\\/\\\/alcantara.pro.br\\\/portal\\\/wp-content\\\/uploads\\\/2025\\\/06\\\/cropped-logo-quadrada-nova-1.png\",\"contentUrl\":\"https:\\\/\\\/alcantara.pro.br\\\/portal\\\/wp-content\\\/uploads\\\/2025\\\/06\\\/cropped-logo-quadrada-nova-1.png\",\"width\":512,\"height\":512,\"caption\":\"Alexandre Alcantara\"},\"logo\":{\"@id\":\"https:\\\/\\\/alcantara.pro.br\\\/portal\\\/wp-content\\\/uploads\\\/2025\\\/06\\\/cropped-logo-quadrada-nova-1.png\"}},{\"@type\":\"Person\",\"@id\":\"https:\\\/\\\/alcantara.pro.br\\\/portal\\\/#\\\/schema\\\/person\\\/1991ac6c2adfbaedfb22ff57aed2c7db\",\"name\":\"Editoria: Prof. Alexandre Alcantara\",\"sameAs\":[\"https:\\\/\\\/alcantara.pro.br\\\/portal\"],\"url\":\"https:\\\/\\\/alcantara.pro.br\\\/portal\\\/author\\\/alexandreportal\\\/\"}]}<\/script>\n<!-- \/ Yoast SEO plugin. -->","yoast_head_json":{"title":"SEFAZ Pernambuco capacita mais uma turma em Auditoria Cont\u00e1bil - Prof. Alexandre Alcantara","robots":{"index":"index","follow":"follow","max-snippet":"max-snippet:-1","max-image-preview":"max-image-preview:large","max-video-preview":"max-video-preview:-1"},"canonical":"https:\/\/alcantara.pro.br\/portal\/2026\/04\/30\/sefaz-pernambuco-capacita-mais-uma-turma-em-auditoria-contabil\/","og_locale":"pt_BR","og_type":"article","og_title":"SEFAZ Pernambuco capacita mais uma turma em Auditoria Cont\u00e1bil - Prof. Alexandre Alcantara","og_description":"Por Alexandre Alcantara Conclu\u00edmos hoje a\u00a0capacita\u00e7\u00e3o em &#8220;Auditoria Cont\u00e1bil Tribut\u00e1ria do ICMS &#8211; M\u00f3dulo B\u00e1sico&#8220;,","og_url":"https:\/\/alcantara.pro.br\/portal\/2026\/04\/30\/sefaz-pernambuco-capacita-mais-uma-turma-em-auditoria-contabil\/","og_site_name":"Prof. Alexandre Alcantara","article_published_time":"2026-04-30T19:06:09+00:00","article_modified_time":"2026-05-01T21:07:49+00:00","og_image":[{"width":480,"height":638,"url":"https:\/\/alcantara.pro.br\/portal\/wp-content\/uploads\/2026\/05\/ManualAUDIC-Capa_Final_2ed_01.png","type":"image\/png"}],"author":"Editoria: Prof. Alexandre Alcantara","twitter_card":"summary_large_image","twitter_misc":{"Escrito por":"Editoria: Prof. Alexandre Alcantara","Est. tempo de leitura":"3 minutos"},"schema":{"@context":"https:\/\/schema.org","@graph":[{"@type":"Article","@id":"https:\/\/alcantara.pro.br\/portal\/2026\/04\/30\/sefaz-pernambuco-capacita-mais-uma-turma-em-auditoria-contabil\/#article","isPartOf":{"@id":"https:\/\/alcantara.pro.br\/portal\/2026\/04\/30\/sefaz-pernambuco-capacita-mais-uma-turma-em-auditoria-contabil\/"},"author":{"name":"Editoria: Prof. Alexandre Alcantara","@id":"https:\/\/alcantara.pro.br\/portal\/#\/schema\/person\/1991ac6c2adfbaedfb22ff57aed2c7db"},"headline":"SEFAZ Pernambuco capacita mais uma turma em Auditoria Cont\u00e1bil","datePublished":"2026-04-30T19:06:09+00:00","dateModified":"2026-05-01T21:07:49+00:00","mainEntityOfPage":{"@id":"https:\/\/alcantara.pro.br\/portal\/2026\/04\/30\/sefaz-pernambuco-capacita-mais-uma-turma-em-auditoria-contabil\/"},"wordCount":534,"publisher":{"@id":"https:\/\/alcantara.pro.br\/portal\/#\/schema\/person\/638376dc60edb285cf5914ea02e73975"},"image":{"@id":"https:\/\/alcantara.pro.br\/portal\/2026\/04\/30\/sefaz-pernambuco-capacita-mais-uma-turma-em-auditoria-contabil\/#primaryimage"},"thumbnailUrl":"https:\/\/alcantara.pro.br\/portal\/wp-content\/uploads\/2026\/05\/ManualAUDIC-Capa_Final_2ed_01.png","articleSection":["Auditoria Cont\u00e1bil Tribut\u00e1ria","Pernambuco"],"inLanguage":"pt-BR"},{"@type":"WebPage","@id":"https:\/\/alcantara.pro.br\/portal\/2026\/04\/30\/sefaz-pernambuco-capacita-mais-uma-turma-em-auditoria-contabil\/","url":"https:\/\/alcantara.pro.br\/portal\/2026\/04\/30\/sefaz-pernambuco-capacita-mais-uma-turma-em-auditoria-contabil\/","name":"SEFAZ Pernambuco capacita mais uma turma em Auditoria Cont\u00e1bil - Prof. Alexandre Alcantara","isPartOf":{"@id":"https:\/\/alcantara.pro.br\/portal\/#website"},"primaryImageOfPage":{"@id":"https:\/\/alcantara.pro.br\/portal\/2026\/04\/30\/sefaz-pernambuco-capacita-mais-uma-turma-em-auditoria-contabil\/#primaryimage"},"image":{"@id":"https:\/\/alcantara.pro.br\/portal\/2026\/04\/30\/sefaz-pernambuco-capacita-mais-uma-turma-em-auditoria-contabil\/#primaryimage"},"thumbnailUrl":"https:\/\/alcantara.pro.br\/portal\/wp-content\/uploads\/2026\/05\/ManualAUDIC-Capa_Final_2ed_01.png","datePublished":"2026-04-30T19:06:09+00:00","dateModified":"2026-05-01T21:07:49+00:00","breadcrumb":{"@id":"https:\/\/alcantara.pro.br\/portal\/2026\/04\/30\/sefaz-pernambuco-capacita-mais-uma-turma-em-auditoria-contabil\/#breadcrumb"},"inLanguage":"pt-BR","potentialAction":[{"@type":"ReadAction","target":["https:\/\/alcantara.pro.br\/portal\/2026\/04\/30\/sefaz-pernambuco-capacita-mais-uma-turma-em-auditoria-contabil\/"]}]},{"@type":"ImageObject","inLanguage":"pt-BR","@id":"https:\/\/alcantara.pro.br\/portal\/2026\/04\/30\/sefaz-pernambuco-capacita-mais-uma-turma-em-auditoria-contabil\/#primaryimage","url":"https:\/\/alcantara.pro.br\/portal\/wp-content\/uploads\/2026\/05\/ManualAUDIC-Capa_Final_2ed_01.png","contentUrl":"https:\/\/alcantara.pro.br\/portal\/wp-content\/uploads\/2026\/05\/ManualAUDIC-Capa_Final_2ed_01.png","width":480,"height":638},{"@type":"BreadcrumbList","@id":"https:\/\/alcantara.pro.br\/portal\/2026\/04\/30\/sefaz-pernambuco-capacita-mais-uma-turma-em-auditoria-contabil\/#breadcrumb","itemListElement":[{"@type":"ListItem","position":1,"name":"In\u00edcio","item":"https:\/\/alcantara.pro.br\/portal\/"},{"@type":"ListItem","position":2,"name":"SEFAZ Pernambuco capacita mais uma turma em Auditoria Cont\u00e1bil"}]},{"@type":"WebSite","@id":"https:\/\/alcantara.pro.br\/portal\/#website","url":"https:\/\/alcantara.pro.br\/portal\/","name":"Prof. Alexandre Alcantara","description":"","publisher":{"@id":"https:\/\/alcantara.pro.br\/portal\/#\/schema\/person\/638376dc60edb285cf5914ea02e73975"},"potentialAction":[{"@type":"SearchAction","target":{"@type":"EntryPoint","urlTemplate":"https:\/\/alcantara.pro.br\/portal\/?s={search_term_string}"},"query-input":{"@type":"PropertyValueSpecification","valueRequired":true,"valueName":"search_term_string"}}],"inLanguage":"pt-BR"},{"@type":["Person","Organization"],"@id":"https:\/\/alcantara.pro.br\/portal\/#\/schema\/person\/638376dc60edb285cf5914ea02e73975","name":"Alexandre Alcantara","image":{"@type":"ImageObject","inLanguage":"pt-BR","@id":"https:\/\/alcantara.pro.br\/portal\/wp-content\/uploads\/2025\/06\/cropped-logo-quadrada-nova-1.png","url":"https:\/\/alcantara.pro.br\/portal\/wp-content\/uploads\/2025\/06\/cropped-logo-quadrada-nova-1.png","contentUrl":"https:\/\/alcantara.pro.br\/portal\/wp-content\/uploads\/2025\/06\/cropped-logo-quadrada-nova-1.png","width":512,"height":512,"caption":"Alexandre Alcantara"},"logo":{"@id":"https:\/\/alcantara.pro.br\/portal\/wp-content\/uploads\/2025\/06\/cropped-logo-quadrada-nova-1.png"}},{"@type":"Person","@id":"https:\/\/alcantara.pro.br\/portal\/#\/schema\/person\/1991ac6c2adfbaedfb22ff57aed2c7db","name":"Editoria: Prof. Alexandre Alcantara","sameAs":["https:\/\/alcantara.pro.br\/portal"],"url":"https:\/\/alcantara.pro.br\/portal\/author\/alexandreportal\/"}]}},"_links":{"self":[{"href":"https:\/\/alcantara.pro.br\/portal\/wp-json\/wp\/v2\/posts\/15407","targetHints":{"allow":["GET"]}}],"collection":[{"href":"https:\/\/alcantara.pro.br\/portal\/wp-json\/wp\/v2\/posts"}],"about":[{"href":"https:\/\/alcantara.pro.br\/portal\/wp-json\/wp\/v2\/types\/post"}],"author":[{"embeddable":true,"href":"https:\/\/alcantara.pro.br\/portal\/wp-json\/wp\/v2\/users\/1"}],"replies":[{"embeddable":true,"href":"https:\/\/alcantara.pro.br\/portal\/wp-json\/wp\/v2\/comments?post=15407"}],"version-history":[{"count":7,"href":"https:\/\/alcantara.pro.br\/portal\/wp-json\/wp\/v2\/posts\/15407\/revisions"}],"predecessor-version":[{"id":15418,"href":"https:\/\/alcantara.pro.br\/portal\/wp-json\/wp\/v2\/posts\/15407\/revisions\/15418"}],"wp:attachment":[{"href":"https:\/\/alcantara.pro.br\/portal\/wp-json\/wp\/v2\/media?parent=15407"}],"wp:term":[{"taxonomy":"category","embeddable":true,"href":"https:\/\/alcantara.pro.br\/portal\/wp-json\/wp\/v2\/categories?post=15407"},{"taxonomy":"post_tag","embeddable":true,"href":"https:\/\/alcantara.pro.br\/portal\/wp-json\/wp\/v2\/tags?post=15407"}],"curies":[{"name":"wp","href":"https:\/\/api.w.org\/{rel}","templated":true}]}}