{"id":15310,"date":"2026-03-13T13:38:38","date_gmt":"2026-03-13T13:38:38","guid":{"rendered":"https:\/\/alcantara.pro.br\/portal\/?p=15310"},"modified":"2026-03-13T13:42:55","modified_gmt":"2026-03-13T13:42:55","slug":"pgfn-e-a-reforma-tributaria-incubadora-de-teses-e-criada","status":"publish","type":"post","link":"https:\/\/alcantara.pro.br\/portal\/2026\/03\/13\/pgfn-e-a-reforma-tributaria-incubadora-de-teses-e-criada\/","title":{"rendered":"PGFN e a reforma tribut\u00e1ria: Incubadora de teses \u00e9 criada"},"content":{"rendered":"<p style=\"text-align: right;\">Por Alexandre Alcantara<\/p>\n<p data-path-to-node=\"1\">A Procuradoria-Geral da Fazenda Nacional (PGFN) deu um passo estrat\u00e9gico para tentar blindar a reforma tribut\u00e1ria de uma poss\u00edvel avalanche judicial. Atrav\u00e9s da cria\u00e7\u00e3o de uma &#8220;<strong>incubadora de teses<\/strong>&#8220;, o \u00f3rg\u00e3o pretende mapear preventivamente os pontos de atrito jur\u00eddico que podem surgir com a implementa\u00e7\u00e3o do IBS e da CBS. A iniciativa busca antecipar argumentos de defesa e estruturar respostas coordenadas antes mesmo que os lit\u00edgios ganhem escala nos tribunais.<\/p>\n<p data-path-to-node=\"2\">O grupo de trabalho j\u00e1 identificou cinco temas priorit\u00e1rios que est\u00e3o no radar dos tributaristas e podem se tornar os primeiros grandes embates da reforma. Entre os pontos mapeados, destaca-se a operacionaliza\u00e7\u00e3o dos cr\u00e9ditos tribut\u00e1rios e as condi\u00e7\u00f5es para o seu aproveitamento, um tema sens\u00edvel para as empresas e fundamental para a neutralidade do novo sistema de impostos sobre o consumo.<\/p>\n<p data-path-to-node=\"3\">Al\u00e9m da prepara\u00e7\u00e3o t\u00e9cnica, a PGFN sinaliza que n\u00e3o atuar\u00e1 apenas de forma reativa. Caso identifique um volume cr\u00edtico de a\u00e7\u00f5es sobre um mesmo tema, a estrat\u00e9gia inclui propor ao Presidente da Rep\u00fablica o ajuizamento de A\u00e7\u00f5es Declarat\u00f3rias de Constitucionalidade (ADCs) no Supremo Tribunal Federal. O objetivo \u00e9 acelerar a uniformiza\u00e7\u00e3o de entendimentos e evitar que decis\u00f5es divergentes pelo pa\u00eds gerem inseguran\u00e7a jur\u00eddica para o fisco e para os contribuintes.<\/p>\n<p data-path-to-node=\"4\">Para quem acompanha o dia a dia da reforma tribut\u00e1ria, entender a postura da Fazenda Nacional \u00e9 crucial para antecipar cen\u00e1rios de risco e oportunidades de planejamento. O movimento revela como o governo est\u00e1 se armando juridicamente para garantir a sustentabilidade da nova estrutura tribut\u00e1ria.<\/p>\n<p data-path-to-node=\"4\">A ideia central da incubadora \u00e9 que a Uni\u00e3o n\u00e3o seja &#8220;paga de surpresa&#8221; por teses que busquem esvaziar a arrecada\u00e7\u00e3o dos novos tributos (IBS\/CBS), garantindo que os pilares de <b data-path-to-node=\"15\" data-index-in-node=\"154\">simplicidade e transpar\u00eancia<\/b> da reforma sejam mantidos no Judici\u00e1rio.<\/p>\n<p data-path-to-node=\"4\">Confira todos os detalhes e os temas j\u00e1 mapeados nas reportagens completas dos Portais\u00a0 <a href=\"https:\/\/www.conjur.com.br\/2026-mar-11\/pgfn-cria-encubadora-de-teses-contra-litigios-futuros-da-reforma-tributaria\/\" target=\"_blank\" rel=\"noopener\"><b data-path-to-node=\"4\" data-index-in-node=\"372\">Consultor Jur\u00eddico<\/b><\/a>\u00a0e <strong><a href=\"https:\/\/www.jota.info\/tributos\/pgfn-cria-incubadora-de-teses-para-antecipar-litigios-da-reforma-tributaria\" target=\"_blank\" rel=\"noopener\">Jota Info<\/a><\/strong><\/p>\n","protected":false},"excerpt":{"rendered":"<p>Por Alexandre Alcantara A Procuradoria-Geral da Fazenda Nacional (PGFN) deu um passo estrat\u00e9gico para tentar<\/p>\n","protected":false},"author":1,"featured_media":15315,"comment_status":"closed","ping_status":"open","sticky":false,"template":"","format":"standard","meta":{"footnotes":""},"categories":[209,207,172],"tags":[],"class_list":["post-15310","post","type-post","status-publish","format-standard","has-post-thumbnail","hentry","category-ibs-cbs","category-jurisprudencia-tributario","category-reforma-tributaria"],"_links":{"self":[{"href":"https:\/\/alcantara.pro.br\/portal\/wp-json\/wp\/v2\/posts\/15310","targetHints":{"allow":["GET"]}}],"collection":[{"href":"https:\/\/alcantara.pro.br\/portal\/wp-json\/wp\/v2\/posts"}],"about":[{"href":"https:\/\/alcantara.pro.br\/portal\/wp-json\/wp\/v2\/types\/post"}],"author":[{"embeddable":true,"href":"https:\/\/alcantara.pro.br\/portal\/wp-json\/wp\/v2\/users\/1"}],"replies":[{"embeddable":true,"href":"https:\/\/alcantara.pro.br\/portal\/wp-json\/wp\/v2\/comments?post=15310"}],"version-history":[{"count":4,"href":"https:\/\/alcantara.pro.br\/portal\/wp-json\/wp\/v2\/posts\/15310\/revisions"}],"predecessor-version":[{"id":15316,"href":"https:\/\/alcantara.pro.br\/portal\/wp-json\/wp\/v2\/posts\/15310\/revisions\/15316"}],"wp:featuredmedia":[{"embeddable":true,"href":"https:\/\/alcantara.pro.br\/portal\/wp-json\/wp\/v2\/media\/15315"}],"wp:attachment":[{"href":"https:\/\/alcantara.pro.br\/portal\/wp-json\/wp\/v2\/media?parent=15310"}],"wp:term":[{"taxonomy":"category","embeddable":true,"href":"https:\/\/alcantara.pro.br\/portal\/wp-json\/wp\/v2\/categories?post=15310"},{"taxonomy":"post_tag","embeddable":true,"href":"https:\/\/alcantara.pro.br\/portal\/wp-json\/wp\/v2\/tags?post=15310"}],"curies":[{"name":"wp","href":"https:\/\/api.w.org\/{rel}","templated":true}]}}