{"id":15262,"date":"2026-02-18T14:03:56","date_gmt":"2026-02-18T14:03:56","guid":{"rendered":"https:\/\/alcantara.pro.br\/portal\/?p=15262"},"modified":"2026-02-18T14:03:56","modified_gmt":"2026-02-18T14:03:56","slug":"cgibs-marca-primeira-reuniao-com-composicao-completa","status":"publish","type":"post","link":"https:\/\/alcantara.pro.br\/portal\/2026\/02\/18\/cgibs-marca-primeira-reuniao-com-composicao-completa\/","title":{"rendered":"CGIBS marca primeira reuni\u00e3o com composi\u00e7\u00e3o completa"},"content":{"rendered":"<blockquote>\n<p class=\"artigo__titulo\">Comit\u00ea Gestor do IBS marca primeira reuni\u00e3o com composi\u00e7\u00e3o completa para amanh\u00e3, quinta-feira (19)<\/p>\n<\/blockquote>\n<p style=\"text-align: justify;\">Acontecer\u00e1 amanh\u00e3, quinta-feira (19), a 1\u00aa Reuni\u00e3o Extraordin\u00e1ria do Conselho Superior do CGIBS para alinhar os trabalhos que dever\u00e3o nortear as primeiras a\u00e7\u00f5es do Comit\u00ea, bem como definir as agendas de atividades para 2026. O encontro ser\u00e1 realizado em formato virtual, \u00e0s 10h. Esta \u00e9 a primeira reuni\u00e3o oficial do CGIBS, com o quadro completo, ap\u00f3s a posse dos 81 membros municipais, que ocorreu no dia 9 de fevereiro.<\/p>\n<p style=\"text-align: justify;\">No encontro, formado por representantes estaduais e municipais, devem ser definidos os passos iniciais para garantir a seguran\u00e7a jur\u00eddica e a capacidade operacional ao Conselho.<\/p>\n<p style=\"text-align: justify;\">A defini\u00e7\u00e3o das agendas de trabalho para 2026 tamb\u00e9m ser\u00e1 discutida. Conforme an\u00fancio do presidente do CGIBS, Fl\u00e1vio C\u00e9sar, na solenidade de posse dos membros municipais do Comit\u00ea, est\u00e1 sendo estudada a viabiliza\u00e7\u00e3o de uma reuni\u00e3o presencial no in\u00edcio de mar\u00e7o.<\/p>\n<hr \/>\n<p>Com informa\u00e7\u00e3o do <a href=\"https:\/\/www.cgibs.gov.br\/comite-gestor-do-ibs-marca-primeira-reuniao-com-composicao-completa-na-proxima-quinta-feira-19\" target=\"_blank\" rel=\"noopener\">Portal do CGIBS<\/a>\u00a0| 13.02.2026<\/p>\n","protected":false},"excerpt":{"rendered":"<p>Comit\u00ea Gestor do IBS marca primeira reuni\u00e3o com composi\u00e7\u00e3o completa para amanh\u00e3, quinta-feira (19) Acontecer\u00e1<\/p>\n","protected":false},"author":1,"featured_media":15263,"comment_status":"closed","ping_status":"open","sticky":false,"template":"","format":"standard","meta":{"footnotes":""},"categories":[250],"tags":[],"class_list":["post-15262","post","type-post","status-publish","format-standard","has-post-thumbnail","hentry","category-comite-gestor-ibs"],"_links":{"self":[{"href":"https:\/\/alcantara.pro.br\/portal\/wp-json\/wp\/v2\/posts\/15262","targetHints":{"allow":["GET"]}}],"collection":[{"href":"https:\/\/alcantara.pro.br\/portal\/wp-json\/wp\/v2\/posts"}],"about":[{"href":"https:\/\/alcantara.pro.br\/portal\/wp-json\/wp\/v2\/types\/post"}],"author":[{"embeddable":true,"href":"https:\/\/alcantara.pro.br\/portal\/wp-json\/wp\/v2\/users\/1"}],"replies":[{"embeddable":true,"href":"https:\/\/alcantara.pro.br\/portal\/wp-json\/wp\/v2\/comments?post=15262"}],"version-history":[{"count":1,"href":"https:\/\/alcantara.pro.br\/portal\/wp-json\/wp\/v2\/posts\/15262\/revisions"}],"predecessor-version":[{"id":15264,"href":"https:\/\/alcantara.pro.br\/portal\/wp-json\/wp\/v2\/posts\/15262\/revisions\/15264"}],"wp:featuredmedia":[{"embeddable":true,"href":"https:\/\/alcantara.pro.br\/portal\/wp-json\/wp\/v2\/media\/15263"}],"wp:attachment":[{"href":"https:\/\/alcantara.pro.br\/portal\/wp-json\/wp\/v2\/media?parent=15262"}],"wp:term":[{"taxonomy":"category","embeddable":true,"href":"https:\/\/alcantara.pro.br\/portal\/wp-json\/wp\/v2\/categories?post=15262"},{"taxonomy":"post_tag","embeddable":true,"href":"https:\/\/alcantara.pro.br\/portal\/wp-json\/wp\/v2\/tags?post=15262"}],"curies":[{"name":"wp","href":"https:\/\/api.w.org\/{rel}","templated":true}]}}