{"id":15257,"date":"2026-02-12T21:14:08","date_gmt":"2026-02-12T21:14:08","guid":{"rendered":"https:\/\/alcantara.pro.br\/portal\/?p=15257"},"modified":"2026-02-12T21:14:08","modified_gmt":"2026-02-12T21:14:08","slug":"publicado-norma-sobre-uso-de-inteligencia-artificial-no-ambito-da-rfb","status":"publish","type":"post","link":"https:\/\/alcantara.pro.br\/portal\/2026\/02\/12\/publicado-norma-sobre-uso-de-inteligencia-artificial-no-ambito-da-rfb\/","title":{"rendered":"Publicado norma sobre uso de intelig\u00eancia artificial no \u00e2mbito da RFB"},"content":{"rendered":"<p style=\"text-align: right;\">Por Alexandre Alcantara<\/p>\n<p style=\"text-align: justify;\">A Receita Federal do Brasil publicou hoje a <a href=\"https:\/\/www.in.gov.br\/en\/web\/dou\/-\/portaria-rfb-n-647-de-5-de-fevereiro-de-2026-686826469\" target=\"_blank\" rel=\"noopener\">Portaria n\u00ba 647\/2026<\/a>,\u00a0estabelecendo a <strong>Pol\u00edtica de Intelig\u00eancia Artificial<\/strong>\u00a0da Receita Federal do Brasil, definindo as normas para o uso \u00e9tico e seguro dessa tecnologia no \u00f3rg\u00e3o. O documento detalha\u00a0diretrizes e princ\u00edpios fundamentais, como a necessidade de supervis\u00e3o humana constante e a prote\u00e7\u00e3o rigorosa de dados sigilosos.<\/p>\n<p style=\"text-align: justify;\">A governan\u00e7a \u00e9 dividida entre \u00e1reas de neg\u00f3cio, tecnologia e comit\u00eas estrat\u00e9gicos, que devem monitorar\u00a0riscos, vieses e a acur\u00e1cia\u00a0dos sistemas utilizados. Al\u00e9m disso, o texto pro\u00edbe pr\u00e1ticas que violem direitos fundamentais e exige a nomea\u00e7\u00e3o de\u00a0curadores especializados\u00a0para supervisionar ferramentas de IA generativa.<\/p>\n<p style=\"text-align: justify;\">A norma tamb\u00e9m responsabiliza os agentes p\u00fablicos pelas decis\u00f5es finais, garantindo que a tecnologia atue apenas como um\u00a0suporte operacional e informativo. Por fim, a portaria institui programas de\u00a0capacita\u00e7\u00e3o t\u00e9cnica\u00a0para que os colaboradores compreendam as capacidades e limita\u00e7\u00f5es das solu\u00e7\u00f5es implementadas.<\/p>\n<p>Confira o infogr\u00e1fico gerado por IA a partir da \u00edntegra do texto da Portaria n\u00ba 647\/2026.<\/p>\n<p><img loading=\"lazy\" decoding=\"async\" class=\"aligncenter size-full wp-image-15259\" src=\"https:\/\/alcantara.pro.br\/portal\/wp-content\/uploads\/2026\/02\/portaria-647-2026-RFB-IA-scaled.png\" alt=\"\" width=\"2560\" height=\"1429\" srcset=\"https:\/\/alcantara.pro.br\/portal\/wp-content\/uploads\/2026\/02\/portaria-647-2026-RFB-IA-scaled.png 2560w, https:\/\/alcantara.pro.br\/portal\/wp-content\/uploads\/2026\/02\/portaria-647-2026-RFB-IA-300x167.png 300w, https:\/\/alcantara.pro.br\/portal\/wp-content\/uploads\/2026\/02\/portaria-647-2026-RFB-IA-1024x572.png 1024w, https:\/\/alcantara.pro.br\/portal\/wp-content\/uploads\/2026\/02\/portaria-647-2026-RFB-IA-768x429.png 768w, https:\/\/alcantara.pro.br\/portal\/wp-content\/uploads\/2026\/02\/portaria-647-2026-RFB-IA-1536x857.png 1536w, https:\/\/alcantara.pro.br\/portal\/wp-content\/uploads\/2026\/02\/portaria-647-2026-RFB-IA-2048x1143.png 2048w\" sizes=\"auto, (max-width: 2560px) 100vw, 2560px\" \/><\/p>\n<a href=\"https:\/\/alcantara.pro.br\/portal\/wp-content\/uploads\/2026\/02\/Portaria_RFB_647-2026-Uso_IA-Ambito_RFB.pdf\" class=\"pdfemb-viewer\" style=\"\" data-width=\"max\" data-height=\"max\" data-toolbar=\"both\" data-toolbar-fixed=\"off\">Portaria_RFB_647-2026-Uso_IA-Ambito_RFB<\/a>\n<p><a href=\"https:\/\/www.in.gov.br\/en\/web\/dou\/-\/portaria-rfb-n-647-de-5-de-fevereiro-de-2026-686826469\" target=\"_blank\" rel=\"noopener\"><img loading=\"lazy\" decoding=\"async\" class=\"aligncenter  wp-image-3666\" src=\"https:\/\/alcantara.pro.br\/portal\/wp-content\/uploads\/2016\/01\/pdf-download-1.jpg\" alt=\"\" width=\"247\" height=\"50\" srcset=\"https:\/\/alcantara.pro.br\/portal\/wp-content\/uploads\/2016\/01\/pdf-download-1.jpg 499w, https:\/\/alcantara.pro.br\/portal\/wp-content\/uploads\/2016\/01\/pdf-download-1-300x61.jpg 300w\" sizes=\"auto, (max-width: 247px) 100vw, 247px\" \/><\/a><\/p>\n","protected":false},"excerpt":{"rendered":"<p>Por Alexandre Alcantara A Receita Federal do Brasil publicou hoje a Portaria n\u00ba 647\/2026,\u00a0estabelecendo a<\/p>\n","protected":false},"author":1,"featured_media":0,"comment_status":"closed","ping_status":"open","sticky":false,"template":"","format":"standard","meta":{"footnotes":""},"categories":[147],"tags":[],"class_list":["post-15257","post","type-post","status-publish","format-standard","hentry","category-naocategorizado"],"_links":{"self":[{"href":"https:\/\/alcantara.pro.br\/portal\/wp-json\/wp\/v2\/posts\/15257","targetHints":{"allow":["GET"]}}],"collection":[{"href":"https:\/\/alcantara.pro.br\/portal\/wp-json\/wp\/v2\/posts"}],"about":[{"href":"https:\/\/alcantara.pro.br\/portal\/wp-json\/wp\/v2\/types\/post"}],"author":[{"embeddable":true,"href":"https:\/\/alcantara.pro.br\/portal\/wp-json\/wp\/v2\/users\/1"}],"replies":[{"embeddable":true,"href":"https:\/\/alcantara.pro.br\/portal\/wp-json\/wp\/v2\/comments?post=15257"}],"version-history":[{"count":1,"href":"https:\/\/alcantara.pro.br\/portal\/wp-json\/wp\/v2\/posts\/15257\/revisions"}],"predecessor-version":[{"id":15260,"href":"https:\/\/alcantara.pro.br\/portal\/wp-json\/wp\/v2\/posts\/15257\/revisions\/15260"}],"wp:attachment":[{"href":"https:\/\/alcantara.pro.br\/portal\/wp-json\/wp\/v2\/media?parent=15257"}],"wp:term":[{"taxonomy":"category","embeddable":true,"href":"https:\/\/alcantara.pro.br\/portal\/wp-json\/wp\/v2\/categories?post=15257"},{"taxonomy":"post_tag","embeddable":true,"href":"https:\/\/alcantara.pro.br\/portal\/wp-json\/wp\/v2\/tags?post=15257"}],"curies":[{"name":"wp","href":"https:\/\/api.w.org\/{rel}","templated":true}]}}