{"id":15230,"date":"2026-02-12T17:34:11","date_gmt":"2026-02-12T17:34:11","guid":{"rendered":"https:\/\/alcantara.pro.br\/portal\/?p=15230"},"modified":"2026-02-12T20:28:32","modified_gmt":"2026-02-12T20:28:32","slug":"a-juntada-do-livro-razao-da-ecd-em-processo-administrativo-fiscal","status":"publish","type":"post","link":"https:\/\/alcantara.pro.br\/portal\/2026\/02\/12\/a-juntada-do-livro-razao-da-ecd-em-processo-administrativo-fiscal\/","title":{"rendered":"A juntada do Livro Raz\u00e3o da ECD em processo administrativo fiscal"},"content":{"rendered":"<p style=\"text-align: right;\"><span style=\"font-size: 12pt; font-family: arial, helvetica, sans-serif;\">Por Alexandre Alcantara<\/span><\/p>\n<div id=\"ez-toc-container\" class=\"ez-toc-v2_0_82_2 counter-hierarchy ez-toc-counter ez-toc-grey ez-toc-container-direction\">\n<div class=\"ez-toc-title-container\">\n<p class=\"ez-toc-title\" style=\"cursor:inherit\">\u00cdndice<\/p>\n<span class=\"ez-toc-title-toggle\"><a href=\"#\" class=\"ez-toc-pull-right ez-toc-btn ez-toc-btn-xs ez-toc-btn-default ez-toc-toggle\" aria-label=\"Alternar tabela de conte\u00fado\"><span class=\"ez-toc-js-icon-con\"><span class=\"\"><span class=\"eztoc-hide\" style=\"display:none;\">Toggle<\/span><span class=\"ez-toc-icon-toggle-span\"><svg style=\"fill: #999;color:#999\" xmlns=\"http:\/\/www.w3.org\/2000\/svg\" class=\"list-377408\" width=\"20px\" height=\"20px\" viewBox=\"0 0 24 24\" fill=\"none\"><path d=\"M6 6H4v2h2V6zm14 0H8v2h12V6zM4 11h2v2H4v-2zm16 0H8v2h12v-2zM4 16h2v2H4v-2zm16 0H8v2h12v-2z\" fill=\"currentColor\"><\/path><\/svg><svg style=\"fill: #999;color:#999\" class=\"arrow-unsorted-368013\" xmlns=\"http:\/\/www.w3.org\/2000\/svg\" width=\"10px\" height=\"10px\" viewBox=\"0 0 24 24\" version=\"1.2\" baseProfile=\"tiny\"><path d=\"M18.2 9.3l-6.2-6.3-6.2 6.3c-.2.2-.3.4-.3.7s.1.5.3.7c.2.2.4.3.7.3h11c.3 0 .5-.1.7-.3.2-.2.3-.5.3-.7s-.1-.5-.3-.7zM5.8 14.7l6.2 6.3 6.2-6.3c.2-.2.3-.5.3-.7s-.1-.5-.3-.7c-.2-.2-.4-.3-.7-.3h-11c-.3 0-.5.1-.7.3-.2.2-.3.5-.3.7s.1.5.3.7z\"\/><\/svg><\/span><\/span><\/span><\/a><\/span><\/div>\n<nav><ul class='ez-toc-list ez-toc-list-level-1 ' ><li class='ez-toc-page-1 ez-toc-heading-level-3'><a class=\"ez-toc-link ez-toc-heading-1\" href=\"https:\/\/alcantara.pro.br\/portal\/2026\/02\/12\/a-juntada-do-livro-razao-da-ecd-em-processo-administrativo-fiscal\/#Introducao\" >Introdu\u00e7\u00e3o<\/a><\/li><li class='ez-toc-page-1 ez-toc-heading-level-3'><a class=\"ez-toc-link ez-toc-heading-2\" href=\"https:\/\/alcantara.pro.br\/portal\/2026\/02\/12\/a-juntada-do-livro-razao-da-ecd-em-processo-administrativo-fiscal\/#O_Sigilo_Fiscal_no_Sistema_Tributario_Brasileiro\" >O Sigilo Fiscal no Sistema Tribut\u00e1rio Brasileiro<\/a><\/li><li class='ez-toc-page-1 ez-toc-heading-level-3'><a class=\"ez-toc-link ez-toc-heading-3\" href=\"https:\/\/alcantara.pro.br\/portal\/2026\/02\/12\/a-juntada-do-livro-razao-da-ecd-em-processo-administrativo-fiscal\/#Fundamento_Constitucional_e_Harmonizacao_de_Principios\" >Fundamento Constitucional e Harmoniza\u00e7\u00e3o de Princ\u00edpios<\/a><ul class='ez-toc-list-level-4' ><li class='ez-toc-heading-level-4'><a class=\"ez-toc-link ez-toc-heading-4\" href=\"https:\/\/alcantara.pro.br\/portal\/2026\/02\/12\/a-juntada-do-livro-razao-da-ecd-em-processo-administrativo-fiscal\/#A_Jurisprudencia_Constitucional_e_o_Tema_990_do_STF\" >A Jurisprud\u00eancia Constitucional e o Tema 990 do STF<\/a><\/li><\/ul><\/li><li class='ez-toc-page-1 ez-toc-heading-level-3'><a class=\"ez-toc-link ez-toc-heading-5\" href=\"https:\/\/alcantara.pro.br\/portal\/2026\/02\/12\/a-juntada-do-livro-razao-da-ecd-em-processo-administrativo-fiscal\/#A_Prova_Digital_da_ECD_e_a_Metodologia_da_Auditoria\" >A Prova Digital da ECD e a Metodologia da Auditoria<\/a><\/li><li class='ez-toc-page-1 ez-toc-heading-level-3'><a class=\"ez-toc-link ez-toc-heading-6\" href=\"https:\/\/alcantara.pro.br\/portal\/2026\/02\/12\/a-juntada-do-livro-razao-da-ecd-em-processo-administrativo-fiscal\/#Conclusao\" >Conclus\u00e3o<\/a><\/li><li class='ez-toc-page-1 ez-toc-heading-level-3'><a class=\"ez-toc-link ez-toc-heading-7\" href=\"https:\/\/alcantara.pro.br\/portal\/2026\/02\/12\/a-juntada-do-livro-razao-da-ecd-em-processo-administrativo-fiscal\/#Referencias\" >Refer\u00eancias<\/a><\/li><li class='ez-toc-page-1 ez-toc-heading-level-3'><a class=\"ez-toc-link ez-toc-heading-8\" href=\"https:\/\/alcantara.pro.br\/portal\/2026\/02\/12\/a-juntada-do-livro-razao-da-ecd-em-processo-administrativo-fiscal\/#ANEXO_I_%E2%80%93_Checklist_Operacional_para_o_Auditor_Fiscal_%E2%80%93_Prevencao_de_Divulgacao_Indevida\" >ANEXO I &#8211;\u00a0Checklist Operacional para o Auditor Fiscal \u2013 Preven\u00e7\u00e3o de Divulga\u00e7\u00e3o Indevida<\/a><\/li><li class='ez-toc-page-1 ez-toc-heading-level-3'><a class=\"ez-toc-link ez-toc-heading-9\" href=\"https:\/\/alcantara.pro.br\/portal\/2026\/02\/12\/a-juntada-do-livro-razao-da-ecd-em-processo-administrativo-fiscal\/#ANEXO_II_%E2%80%93_Diretrizes_Institucionais_Recomendaveis_as_Administracoes_Tributarias\" >ANEXO II &#8211;\u00a0Diretrizes Institucionais Recomend\u00e1veis \u00e0s Administra\u00e7\u00f5es Tribut\u00e1rias<\/a><\/li><\/ul><\/nav><\/div>\n<h3 style=\"text-align: justify;\"><span class=\"ez-toc-section\" id=\"Introducao\"><\/span><span style=\"font-size: 12pt; font-family: arial, helvetica, sans-serif;\">Introdu\u00e7\u00e3o<\/span><span class=\"ez-toc-section-end\"><\/span><\/h3>\n<p style=\"text-align: justify;\"><span style=\"font-size: 12pt; font-family: arial, helvetica, sans-serif;\">A consolida\u00e7\u00e3o do Sistema P\u00fablico de Escritura\u00e7\u00e3o Digital como infraestrutura permanente da fiscaliza\u00e7\u00e3o tribut\u00e1ria brasileira redefiniu o regime jur\u00eddico da prova administrativa. A Escritura\u00e7\u00e3o Cont\u00e1bil Digital passou a ocupar posi\u00e7\u00e3o central na forma\u00e7\u00e3o do convencimento da autoridade fiscal, funcionando como base estruturada de dados cont\u00e1beis com presun\u00e7\u00e3o relativa de veracidade e forte densidade informacional.<\/span><\/p>\n<p style=\"text-align: justify;\"><span style=\"font-size: 12pt; font-family: arial, helvetica, sans-serif;\">Nesse cen\u00e1rio, a juntada do Livro Raz\u00e3o extra\u00eddo da ECD aos autos do processo administrativo fiscal \u2014 mediante c\u00f3pia em formato PDF \u2014 suscita debate jur\u00eddico relevante: tal ato poderia configurar quebra de sigilo fiscal, especialmente quando o procedimento tramita sob regime de acesso restrito?<\/span><\/p>\n<p style=\"text-align: justify;\"><span style=\"font-size: 12pt; font-family: arial, helvetica, sans-serif;\">A resposta exige abordagem integrada do regime legal do sigilo fiscal, da jurisprud\u00eancia recente e das exig\u00eancias metodol\u00f3gicas da auditoria cont\u00e1bil digital.<\/span><\/p>\n<h3 style=\"text-align: justify;\"><span class=\"ez-toc-section\" id=\"O_Sigilo_Fiscal_no_Sistema_Tributario_Brasileiro\"><\/span><span style=\"font-size: 12pt; font-family: arial, helvetica, sans-serif;\">O Sigilo Fiscal no Sistema Tribut\u00e1rio Brasileiro<\/span><span class=\"ez-toc-section-end\"><\/span><\/h3>\n<p style=\"text-align: justify;\"><span style=\"font-size: 12pt; font-family: arial, helvetica, sans-serif;\">O regime jur\u00eddico do sigilo fiscal encontra fundamento direto no art. 198 do C\u00f3digo Tribut\u00e1rio Nacional, cujo caput disp\u00f5e:<\/span><\/p>\n<blockquote><p><span style=\"font-size: 12pt; font-family: arial, helvetica, sans-serif;\"><strong><em>Art. 198.<\/em><\/strong><em> Sem preju\u00edzo do disposto na legisla\u00e7\u00e3o criminal, \u00e9 vedada a divulga\u00e7\u00e3o, por parte da Fazenda P\u00fablica ou de seus servidores, de informa\u00e7\u00e3o obtida em raz\u00e3o do of\u00edcio sobre a situa\u00e7\u00e3o econ\u00f4mica ou financeira do sujeito passivo ou de terceiros e sobre a natureza e o estado de seus neg\u00f3cios ou atividades.<\/em><\/span><\/p><\/blockquote>\n<p style=\"text-align: justify;\"><span style=\"font-size: 12pt; font-family: arial, helvetica, sans-serif;\">A reda\u00e7\u00e3o legal evidencia que o n\u00facleo da veda\u00e7\u00e3o recai sobre a <strong>divulga\u00e7\u00e3o<\/strong> da informa\u00e7\u00e3o.<\/span><\/p>\n<p style=\"text-align: justify;\"><span style=\"font-size: 12pt; font-family: arial, helvetica, sans-serif;\">O dispositivo <strong>n\u00e3o pro\u00edbe a utiliza\u00e7\u00e3o institucional<\/strong> da informa\u00e7\u00e3o no \u00e2mbito do procedimento administrativo regularmente instaurado.<\/span><\/p>\n<p style=\"text-align: justify;\"><span style=\"font-size: 12pt; font-family: arial, helvetica, sans-serif;\">Os par\u00e1grafos deste mesmo artigo refor\u00e7a a ideia de circula\u00e7\u00e3o institucional controlada:<\/span><\/p>\n<blockquote><p><span style=\"font-size: 12pt; font-family: arial, helvetica, sans-serif;\"><em>\u00a71\u00ba Excetuam-se do disposto neste artigo, al\u00e9m dos casos previstos no art. 199, os seguintes: <\/em><\/span><\/p>\n<p style=\"padding-left: 40px;\"><span style=\"font-size: 12pt; font-family: arial, helvetica, sans-serif;\"><em>i. requisi\u00e7\u00e3o de autoridade judici\u00e1ria no interesse da justi\u00e7a; <\/em><\/span><\/p>\n<p style=\"padding-left: 40px;\"><span style=\"font-size: 12pt; font-family: arial, helvetica, sans-serif;\"><em>ii. solicita\u00e7\u00f5es de autoridade administrativa no interesse da Administra\u00e7\u00e3o P\u00fablica, desde que seja comprovada a instaura\u00e7\u00e3o regular de processo administrativo, no \u00f3rg\u00e3o ou na entidade respectiva, com o objetivo de investigar o sujeito passivo a que se refere a informa\u00e7\u00e3o, por pr\u00e1tica de infra\u00e7\u00e3o administrativa. <\/em><\/span><\/p>\n<p><span style=\"font-size: 12pt; font-family: arial, helvetica, sans-serif;\"><em>\u00a0<\/em><em>\u00a72\u00ba O interc\u00e2mbio de informa\u00e7\u00e3o sigilosa, no \u00e2mbito da Administra\u00e7\u00e3o P\u00fablica, ser\u00e1 realizado mediante processo regularmente instaurado, e a entrega ser\u00e1 feita pessoalmente \u00e0 autoridade solicitante, mediante recibo, que formalize a transfer\u00eancia e assegure a preserva\u00e7\u00e3o do sigilo. <\/em><\/span><\/p>\n<p><span style=\"font-size: 12pt; font-family: arial, helvetica, sans-serif;\"><em>\u00a0<\/em><em>3\u00ba N\u00e3o \u00e9 vedada a divulga\u00e7\u00e3o de informa\u00e7\u00f5es relativas a:<\/em><\/span><\/p>\n<p style=\"padding-left: 40px;\"><span style=\"font-size: 12pt; font-family: arial, helvetica, sans-serif;\"><em>i. representa\u00e7\u00f5es fiscais para fins penais; <\/em><\/span><\/p>\n<p style=\"padding-left: 40px;\"><span style=\"font-size: 12pt; font-family: arial, helvetica, sans-serif;\"><em>ii. inscri\u00e7\u00f5es na D\u00edvida Ativa da Fazenda P\u00fablica; <\/em><\/span><\/p>\n<p style=\"padding-left: 40px;\"><span style=\"font-size: 12pt; font-family: arial, helvetica, sans-serif;\"><em>iii. parcelamento ou morat\u00f3ria; e <\/em><\/span><\/p>\n<\/blockquote>\n<p style=\"text-align: justify;\"><span style=\"font-size: 12pt; font-family: arial, helvetica, sans-serif;\">Essas previs\u00f5es revelam que o sigilo fiscal n\u00e3o tem natureza absoluta. Ele opera como limite \u00e0 publicidade externa indevida, mas admite circula\u00e7\u00e3o formalizada e vinculada \u00e0 finalidade p\u00fablica.<\/span><\/p>\n<h3 style=\"text-align: justify;\"><span class=\"ez-toc-section\" id=\"Fundamento_Constitucional_e_Harmonizacao_de_Principios\"><\/span><span style=\"font-size: 12pt; font-family: arial, helvetica, sans-serif;\">Fundamento Constitucional e Harmoniza\u00e7\u00e3o de Princ\u00edpios<\/span><span class=\"ez-toc-section-end\"><\/span><\/h3>\n<p style=\"text-align: justify;\"><span style=\"font-size: 12pt; font-family: arial, helvetica, sans-serif;\"><strong>\u00a0<\/strong>A Constitui\u00e7\u00e3o Federal assegura, no art. 5\u00ba, X e XII, a inviolabilidade da intimidade e do sigilo de dados. Contudo, o art. 145, \u00a71\u00ba, autoriza expressamente a Administra\u00e7\u00e3o Tribut\u00e1ria a identificar patrim\u00f4nio, rendimentos e atividades econ\u00f4micas do contribuinte, respeitados os direitos individuais e nos termos da lei.<\/span><\/p>\n<p style=\"text-align: justify;\"><span style=\"font-size: 12pt; font-family: arial, helvetica, sans-serif;\">Essa estrutura normativa demonstra que o sigilo n\u00e3o constitui blindagem contra o exerc\u00edcio regular da fiscaliza\u00e7\u00e3o. O crit\u00e9rio de compatibiliza\u00e7\u00e3o \u00e9 a finalidade: a informa\u00e7\u00e3o obtida deve ser utilizada exclusivamente para o exerc\u00edcio da compet\u00eancia tribut\u00e1ria.<\/span><\/p>\n<h4 style=\"text-align: justify;\"><span class=\"ez-toc-section\" id=\"A_Jurisprudencia_Constitucional_e_o_Tema_990_do_STF\"><\/span><span style=\"font-size: 12pt; font-family: arial, helvetica, sans-serif;\">A Jurisprud\u00eancia Constitucional e o Tema 990 do STF<\/span><span class=\"ez-toc-section-end\"><\/span><\/h4>\n<p style=\"text-align: justify;\"><span style=\"font-size: 12pt; font-family: arial, helvetica, sans-serif;\">A compreens\u00e3o contempor\u00e2nea do sigilo fiscal foi significativamente influenciada pelo julgamento do Recurso Extraordin\u00e1rio 1.055.941, sob regime de repercuss\u00e3o geral.<\/span><\/p>\n<p style=\"text-align: justify;\"><span style=\"font-size: 12pt; font-family: arial, helvetica, sans-serif;\">Na oportunidade, o Supremo Tribunal Federal fixou a seguinte tese:<\/span><\/p>\n<blockquote><p><span style=\"font-size: 12pt; font-family: arial, helvetica, sans-serif;\"><strong><em>Tema 990<\/em><\/strong><\/span><\/p>\n<p><span style=\"font-size: 12pt; font-family: arial, helvetica, sans-serif;\"><em>Possibilidade de compartilhamento com o Minist\u00e9rio P\u00fablico, para fins penais, dos dados banc\u00e1rios e fiscais do contribuinte, obtidos pela Receita Federal no leg\u00edtimo exerc\u00edcio de seu dever de fiscalizar, sem autoriza\u00e7\u00e3o pr\u00e9via do Poder Judici\u00e1rio.<\/em><\/span><\/p>\n<p><span style=\"font-size: 12pt; font-family: arial, helvetica, sans-serif;\"><strong><em>Tese<br \/>\n<\/em><\/strong><em>1. \u00c9 constitucional o compartilhamento dos relat\u00f3rios de intelig\u00eancia financeira da UIF e da \u00edntegra do procedimento fiscalizat\u00f3rio da Receita Federal do Brasil, que define o lan\u00e7amento do tributo, com os \u00f3rg\u00e3os de persecu\u00e7\u00e3o penal para fins criminais, sem a obrigatoriedade de pr\u00e9via autoriza\u00e7\u00e3o judicial, devendo ser resguardado o sigilo das informa\u00e7\u00f5es em procedimentos formalmente instaurados e sujeitos a posterior controle jurisdicional.<\/em><\/span><\/p>\n<p><span style=\"font-size: 12pt; font-family: arial, helvetica, sans-serif;\"><em>2. O compartilhamento pela UIF [Unidade de Intelig\u00eancia Financeira] e pela RFB, referente ao item anterior, deve ser feito unicamente por meio de comunica\u00e7\u00f5es formais, com garantia de sigilo, certifica\u00e7\u00e3o do destinat\u00e1rio e estabelecimento de instrumentos efetivos de apura\u00e7\u00e3o e corre\u00e7\u00e3o de eventuais desvios.<\/em><\/span><\/p><\/blockquote>\n<p style=\"text-align: justify;\"><span style=\"font-size: 12pt; font-family: arial, helvetica, sans-serif;\">A decis\u00e3o consolidou tr\u00eas premissas fundamentais:<\/span><\/p>\n<ol style=\"text-align: justify;\">\n<li><span style=\"font-size: 12pt; font-family: arial, helvetica, sans-serif;\">O sigilo fiscal n\u00e3o impede circula\u00e7\u00e3o institucional de dados;<\/span><\/li>\n<li><span style=\"font-size: 12pt; font-family: arial, helvetica, sans-serif;\">A formaliza\u00e7\u00e3o do procedimento \u00e9 requisito essencial;<\/span><\/li>\n<li><span style=\"font-size: 12pt; font-family: arial, helvetica, sans-serif;\">O limite jur\u00eddico est\u00e1 na divulga\u00e7\u00e3o indevida, n\u00e3o na utiliza\u00e7\u00e3o administrativa.<\/span><\/li>\n<\/ol>\n<p style=\"text-align: justify;\"><span style=\"font-size: 12pt; font-family: arial, helvetica, sans-serif;\">Se a \u00edntegra do procedimento fiscal pode ser compartilhada com \u00f3rg\u00e3os de persecu\u00e7\u00e3o penal sob formaliza\u00e7\u00e3o e controle, a utiliza\u00e7\u00e3o interna da informa\u00e7\u00e3o no pr\u00f3prio processo administrativo fiscal situa-se em patamar jur\u00eddico ainda mais seguro.<\/span><\/p>\n<h3 style=\"text-align: justify;\"><span class=\"ez-toc-section\" id=\"A_Prova_Digital_da_ECD_e_a_Metodologia_da_Auditoria\"><\/span><span style=\"font-size: 12pt; font-family: arial, helvetica, sans-serif;\">A Prova Digital da ECD e a Metodologia da Auditoria<\/span><span class=\"ez-toc-section-end\"><\/span><\/h3>\n<p style=\"text-align: justify;\"><span style=\"font-size: 12pt; font-family: arial, helvetica, sans-serif;\">A Escritura\u00e7\u00e3o Cont\u00e1bil Digital integra banco de dados institucional regularmente constitu\u00eddo.<\/span><\/p>\n<p style=\"text-align: justify;\"><span style=\"font-size: 12pt; font-family: arial, helvetica, sans-serif;\">A sua utiliza\u00e7\u00e3o como meio de prova n\u00e3o representa nova coleta de informa\u00e7\u00e3o, mas instrumentaliza\u00e7\u00e3o de dados j\u00e1 legitimamente detidos pela Administra\u00e7\u00e3o.<\/span><\/p>\n<p style=\"text-align: justify;\"><span style=\"font-size: 12pt; font-family: arial, helvetica, sans-serif;\">Silva (2025) enfatiza que a auditoria cont\u00e1bil tribut\u00e1ria digital exige governan\u00e7a informacional rigorosa, especialmente quanto \u00e0 integridade do arquivo, rastreabilidade da extra\u00e7\u00e3o e pertin\u00eancia probat\u00f3ria. A fragilidade n\u00e3o decorre da juntada em si, mas da aus\u00eancia de formaliza\u00e7\u00e3o adequada da cadeia de cust\u00f3dia informacional.<\/span><\/p>\n<p style=\"text-align: justify;\"><span style=\"font-size: 12pt; font-family: arial, helvetica, sans-serif;\">Quando o processo administrativo fiscal tramita sob regime de acesso restrito, n\u00e3o h\u00e1 publicidade externa.<\/span><\/p>\n<p style=\"text-align: justify;\"><span style=\"font-size: 12pt; font-family: arial, helvetica, sans-serif;\">Al\u00e9m disso, a robustez da prova digital exige a observ\u00e2ncia de crit\u00e9rios de proporcionalidade e minimiza\u00e7\u00e3o, devendo ser evitado a juntada de conjuntos de dados al\u00e9m do necess\u00e1rio, anexando-se apenas o recorte indispens\u00e1vel para demonstrar a infra\u00e7\u00e3o, com fundamenta\u00e7\u00e3o expl\u00edcita da pertin\u00eancia probat\u00f3ria e preserva\u00e7\u00e3o do sigilo no ambiente institucional (controle de acesso, trilhas de auditoria e registro de cadeia de cust\u00f3dia).<\/span><\/p>\n<table style=\"height: 280px; width: 100%;\">\n<tbody>\n<tr style=\"height: 56px;\">\n<td style=\"border-color: #000000; border-style: solid; text-align: center; background-color: #000000; height: 56px;\" width=\"196\"><span style=\"color: #ffffff; font-size: 12pt; font-family: arial, helvetica, sans-serif;\"><strong>Situa\u00e7\u00e3o<\/strong><\/span><\/td>\n<td style=\"border-color: #000000; border-style: solid; text-align: center; background-color: #000000; height: 56px;\" width=\"196\"><span style=\"color: #ffffff; font-size: 12pt; font-family: arial, helvetica, sans-serif;\"><strong>Natureza Jur\u00eddica<\/strong><\/span><\/td>\n<td style=\"border-color: #000000; border-style: solid; text-align: center; background-color: #000000; height: 56px;\" width=\"196\"><span style=\"color: #ffffff; font-size: 12pt; font-family: arial, helvetica, sans-serif;\"><strong>Consequ\u00eancia<\/strong><\/span><\/td>\n<\/tr>\n<tr style=\"height: 56px;\">\n<td style=\"border-color: #000000; border-style: solid; height: 56px;\" width=\"196\"><span style=\"font-size: 12pt; font-family: arial, helvetica, sans-serif;\">Juntada interna<\/span><\/td>\n<td style=\"border-color: #000000; border-style: solid; height: 56px;\" width=\"196\"><span style=\"font-size: 12pt; font-family: arial, helvetica, sans-serif;\">Instru\u00e7\u00e3o processual<\/span><\/td>\n<td style=\"border-color: #000000; border-style: solid; height: 56px;\" width=\"196\"><span style=\"font-size: 12pt; font-family: arial, helvetica, sans-serif;\">Regular<\/span><\/td>\n<\/tr>\n<tr style=\"height: 56px;\">\n<td style=\"border-color: #000000; border-style: solid; height: 56px;\" width=\"196\"><span style=\"font-size: 12pt; font-family: arial, helvetica, sans-serif;\">Compartilhamento legal<\/span><\/td>\n<td style=\"border-color: #000000; border-style: solid; height: 56px;\" width=\"196\"><span style=\"font-size: 12pt; font-family: arial, helvetica, sans-serif;\">Circula\u00e7\u00e3o institucional<\/span><\/td>\n<td style=\"border-color: #000000; border-style: solid; height: 56px;\" width=\"196\"><span style=\"font-size: 12pt; font-family: arial, helvetica, sans-serif;\">Regular<\/span><\/td>\n<\/tr>\n<tr style=\"height: 56px;\">\n<td style=\"border-color: #000000; border-style: solid; height: 56px;\" width=\"196\"><span style=\"font-size: 12pt; font-family: arial, helvetica, sans-serif;\">Divulga\u00e7\u00e3o externa<\/span><\/td>\n<td style=\"border-color: #000000; border-style: solid; height: 56px;\" width=\"196\"><span style=\"font-size: 12pt; font-family: arial, helvetica, sans-serif;\">Publicidade indevida<\/span><\/td>\n<td style=\"border-color: #000000; border-style: solid; height: 56px;\" width=\"196\"><span style=\"font-size: 12pt; font-family: arial, helvetica, sans-serif;\">Viola\u00e7\u00e3o<\/span><\/td>\n<\/tr>\n<tr style=\"height: 56px;\">\n<td style=\"border-color: #000000; border-style: solid; height: 56px;\" width=\"196\"><span style=\"font-size: 12pt; font-family: arial, helvetica, sans-serif;\">Uso fora da finalidade fiscal<\/span><\/td>\n<td style=\"border-color: #000000; border-style: solid; height: 56px;\" width=\"196\"><span style=\"font-size: 12pt; font-family: arial, helvetica, sans-serif;\">Desvio funcional<\/span><\/td>\n<td style=\"border-color: #000000; border-style: solid; height: 56px;\" width=\"196\"><span style=\"font-size: 12pt; font-family: arial, helvetica, sans-serif;\">Irregular<\/span><\/td>\n<\/tr>\n<\/tbody>\n<\/table>\n<p style=\"text-align: justify;\"><span style=\"font-size: 12pt; font-family: arial, helvetica, sans-serif;\">Para diferenciar, na pr\u00e1tica, a \u201cjuntada interna regular\u201d de hip\u00f3teses de risco, recomenda-se explicitar como crit\u00e9rios operacionais m\u00ednimos:<\/span><\/p>\n<ul style=\"text-align: justify;\">\n<li><span style=\"font-size: 12pt; font-family: arial, helvetica, sans-serif;\">controle de perfis de acesso;<\/span><\/li>\n<li><span style=\"font-size: 12pt; font-family: arial, helvetica, sans-serif;\">registro de logs audit\u00e1veis;<\/span><\/li>\n<li><span style=\"font-size: 12pt; font-family: arial, helvetica, sans-serif;\">classifica\u00e7\u00e3o do processo como de acesso restrito; e<\/span><\/li>\n<li><span style=\"font-size: 12pt; font-family: arial, helvetica, sans-serif;\">formaliza\u00e7\u00e3o da cadeia de cust\u00f3dia digital nos autos.<\/span><\/li>\n<\/ul>\n<p style=\"text-align: justify;\"><span style=\"font-size: 12pt; font-family: arial, helvetica, sans-serif;\">Assim, a juntada do Livro Raz\u00e3o ao processo administrativo fiscal com acesso restrito constitui ato de instru\u00e7\u00e3o processual interna, n\u00e3o caracterizando divulga\u00e7\u00e3o externa.<\/span><\/p>\n<p style=\"text-align: justify;\"><span style=\"font-size: 12pt; font-family: arial, helvetica, sans-serif;\">Para operacionalizar as premissas acima (formaliza\u00e7\u00e3o, controle de acesso, integridade e pertin\u00eancia), recomenda-se a consulta ao <strong>Anexo I &#8211; Checklist Operacional para o Auditor Fiscal \u2013 Preven\u00e7\u00e3o de Divulga\u00e7\u00e3o Indevida<\/strong>, que consolida uma diretiva m\u00ednima de cadeia de cust\u00f3dia e preven\u00e7\u00e3o de divulga\u00e7\u00e3o indevida, e ao <strong>Anexo II &#8211; Diretrizes Institucionais Recomend\u00e1veis \u00e0s Administra\u00e7\u00f5es Tribut\u00e1rias<\/strong>, que prop\u00f5e diretrizes institucionais para padroniza\u00e7\u00e3o, governan\u00e7a de acesso, capacita\u00e7\u00e3o e compliance.<\/span><\/p>\n<h3 style=\"text-align: justify;\"><span class=\"ez-toc-section\" id=\"Conclusao\"><\/span><span style=\"font-size: 12pt; font-family: arial, helvetica, sans-serif;\">Conclus\u00e3o<\/span><span class=\"ez-toc-section-end\"><\/span><\/h3>\n<p style=\"text-align: justify;\"><span style=\"font-size: 12pt; font-family: arial, helvetica, sans-serif;\">A an\u00e1lise integrada do art. 198 do C\u00f3digo Tribut\u00e1rio Nacional, de seus par\u00e1grafos e da jurisprud\u00eancia consolidada pelo Supremo Tribunal Federal no Tema 990 evidencia que o sigilo fiscal opera como limite \u00e0 divulga\u00e7\u00e3o indevida de informa\u00e7\u00f5es, e n\u00e3o como impedimento \u00e0 sua utiliza\u00e7\u00e3o institucional no exerc\u00edcio regular da compet\u00eancia tribut\u00e1ria. A veda\u00e7\u00e3o legal incide sobre a publicidade externa ou o desvio de finalidade, n\u00e3o sobre a incorpora\u00e7\u00e3o formal de dados regularmente obtidos ao processo administrativo fiscal.<\/span><\/p>\n<p style=\"text-align: justify;\"><span style=\"font-size: 12pt; font-family: arial, helvetica, sans-serif;\">A juntada do Livro Raz\u00e3o extra\u00eddo da Escritura\u00e7\u00e3o Cont\u00e1bil Digital aos autos do processo administrativo, quando este tramita sob regime de acesso restrito, n\u00e3o amplia o c\u00edrculo de conhecimento da informa\u00e7\u00e3o nem promove sua exposi\u00e7\u00e3o p\u00fablica. Trata-se de ato de instru\u00e7\u00e3o processual inserido na pr\u00f3pria din\u00e2mica de constitui\u00e7\u00e3o do cr\u00e9dito tribut\u00e1rio, realizado dentro do ambiente institucional da Administra\u00e7\u00e3o Tribut\u00e1ria. \u00c0 luz da tese firmada no Recurso Extraordin\u00e1rio 1.055.941, que reconheceu a constitucionalidade do compartilhamento formalizado de dados fiscais com \u00f3rg\u00e3os de persecu\u00e7\u00e3o penal, a utiliza\u00e7\u00e3o interna da informa\u00e7\u00e3o no \u00e2mbito do pr\u00f3prio procedimento administrativo revela-se ainda mais leg\u00edtima, desde que observadas garantias de formaliza\u00e7\u00e3o, controle e preserva\u00e7\u00e3o do sigilo.<\/span><\/p>\n<p style=\"text-align: justify;\"><span style=\"font-size: 12pt; font-family: arial, helvetica, sans-serif;\">O debate contempor\u00e2neo desloca-se, portanto, da licitude abstrata da juntada para a qualidade da governan\u00e7a da prova digital. A seguran\u00e7a jur\u00eddica da atua\u00e7\u00e3o fiscal n\u00e3o depende apenas da exist\u00eancia de autoriza\u00e7\u00e3o normativa, mas da ado\u00e7\u00e3o de procedimentos t\u00e9cnicos que assegurem integridade, rastreabilidade e pertin\u00eancia probat\u00f3ria. O risco de viola\u00e7\u00e3o ao sigilo fiscal surge n\u00e3o da utiliza\u00e7\u00e3o interna da ECD como elemento de prova, mas da eventual divulga\u00e7\u00e3o indevida, da aus\u00eancia de controle institucional ou do emprego da informa\u00e7\u00e3o para finalidade estranha \u00e0 compet\u00eancia tribut\u00e1ria. A maturidade do modelo de fiscaliza\u00e7\u00e3o digital exige, assim, disciplina procedimental e responsabilidade funcional compat\u00edveis com a densidade informacional dos dados sob cust\u00f3dia estatal.<\/span><\/p>\n<p style=\"text-align: justify;\"><span style=\"font-size: 12pt; font-family: arial, helvetica, sans-serif;\">Nesse sentido, o <strong>Anexo I<\/strong> pode ser utilizado como roteiro m\u00ednimo de juntada (com foco em cadeia de cust\u00f3dia, acesso restrito e delimita\u00e7\u00e3o de pertin\u00eancia), e o <strong>Anexo II<\/strong> como refer\u00eancia de medidas institucionais para reduzir riscos, fortalecer a padroniza\u00e7\u00e3o probat\u00f3ria e aumentar a confiabilidade do uso de dados cont\u00e1beis digitais na auditoria tribut\u00e1ria e no contencioso administrativo.<\/span><\/p>\n<h3 style=\"text-align: justify;\"><span class=\"ez-toc-section\" id=\"Referencias\"><\/span><span style=\"font-size: 12pt; font-family: arial, helvetica, sans-serif;\">Refer\u00eancias<\/span><span class=\"ez-toc-section-end\"><\/span><\/h3>\n<p style=\"text-align: justify;\"><span style=\"font-size: 12pt; font-family: arial, helvetica, sans-serif;\">BRASIL. <strong>Constitui\u00e7\u00e3o da Rep\u00fablica Federativa do Brasil<\/strong>. [Constitui\u00e7\u00e3o (1988)].\u00a0 Bras\u00edlia, DF: Presid\u00eancia da Rep\u00fablica, [2026]. Dispon\u00edvel em: <a href=\"http:\/\/www.planalto.gov.br\/ccivil_03\/constituicao\/constituicao.htm\">http:\/\/www.planalto.gov.br\/ccivil_03\/constituicao\/constituicao.htm<\/a>. Acesso em: 12 fev. 2026.<\/span><\/p>\n<p style=\"text-align: justify;\"><span style=\"font-size: 12pt; font-family: arial, helvetica, sans-serif;\">______. <strong>Lei n\u00ba 5.172, de 25 de outubro de 1966<\/strong>. Disp\u00f5e sobre o Sistema Tribut\u00e1rio Nacional e institui normas gerais de direito tribut\u00e1rio aplic\u00e1veis \u00e0 Uni\u00e3o, Estados e Munic\u00edpios. Bras\u00edlia, DF: Presid\u00eancia da Rep\u00fablica, [1966]. Dispon\u00edvel em: <a href=\"http:\/\/www.planalto.gov.br\/ccivil_03\/leis\/l5172compilado.htm\">http:\/\/www.planalto.gov.br\/ccivil_03\/leis\/l5172compilado.htm<\/a>. Acesso em: 12 fev. 2026.<\/span><\/p>\n<p style=\"text-align: justify;\"><span style=\"font-size: 12pt; font-family: arial, helvetica, sans-serif;\">______. <strong>Decreto n\u00ba 6.022, de 22 de janeiro de 2007<\/strong>. Institui o Sistema P\u00fablico de Escritura\u00e7\u00e3o Digital &#8211; Sped. Bras\u00edlia, DF: Presid\u00eancia da Rep\u00fablica, [2007]. Dispon\u00edvel em: <a href=\"http:\/\/www.planalto.gov.br\/ccivil_03\/_ato2007-2010\/2007\/decreto\/d6022.htm\">http:\/\/www.planalto.gov.br\/ccivil_03\/_ato2007-2010\/2007\/decreto\/d6022.htm<\/a>. Acesso em: 12 fev. 2026.<\/span><\/p>\n<p style=\"text-align: justify;\"><span style=\"font-size: 12pt; font-family: arial, helvetica, sans-serif;\">SUPREMO TRIBUNAL FEDERAL. <strong>Recurso Extraordin\u00e1rio 1.055.941<\/strong>. Rel. Min. Dias Toffoli, Tribunal Pleno, julgado em 04 dez. 2019. Dispon\u00edvel em:<\/span><\/p>\n<p style=\"text-align: justify;\"><span style=\"font-size: 12pt; font-family: arial, helvetica, sans-serif;\"><a href=\"https:\/\/portal.stf.jus.br\/jurisprudenciaRepercussao\/verAndamentoProcesso.asp?incidente=5213056&amp;numeroProcesso=1055941&amp;classeProcesso=RE&amp;numeroTema=990\">https:\/\/portal.stf.jus.br\/jurisprudenciaRepercussao\/verAndamentoProcesso.asp?incidente=5213056&amp;numeroProcesso=1055941&amp;classeProcesso=RE&amp;numeroTema=990<\/a> . Acesso em: 12 fev. 2026.<\/span><\/p>\n<p style=\"text-align: justify;\"><span style=\"font-size: 12pt; font-family: arial, helvetica, sans-serif;\">SILVA, Alexandre Alcantara da. <strong>Manual de Auditoria Cont\u00e1bil Tribut\u00e1ria<\/strong>. 2. ed. Vit\u00f3ria da Conquista: Edi\u00e7\u00e3o do Autor, 2025. 488 p.<\/span><\/p>\n<hr \/>\n<h3 style=\"text-align: justify;\"><span class=\"ez-toc-section\" id=\"ANEXO_I_%E2%80%93_Checklist_Operacional_para_o_Auditor_Fiscal_%E2%80%93_Prevencao_de_Divulgacao_Indevida\"><\/span><span style=\"font-size: 12pt; font-family: arial, helvetica, sans-serif;\"><strong>ANEXO I &#8211;\u00a0<\/strong><strong>Checklist Operacional para o Auditor Fiscal \u2013 Preven\u00e7\u00e3o de Divulga\u00e7\u00e3o Indevida<\/strong><\/span><span class=\"ez-toc-section-end\"><\/span><\/h3>\n<ol style=\"text-align: justify;\">\n<li><span style=\"font-size: 12pt; font-family: arial, helvetica, sans-serif;\">Registrar formalmente a origem da ECD (data, ambiente, protocolo), indicando qual ato administrativo autorizou o in\u00edcio da a\u00e7\u00e3o fiscal (ordem de servi\u00e7o, mandado de procedimento fiscal, dentre outros).<\/span><\/li>\n<li><span style=\"font-size: 12pt; font-family: arial, helvetica, sans-serif;\">Certificar a integridade do arquivo extra\u00eddo.<\/span><\/li>\n<li><span style=\"font-size: 12pt; font-family: arial, helvetica, sans-serif;\">Delimitar per\u00edodo e contas relevantes \u00e0 infra\u00e7\u00e3o.<\/span><\/li>\n<li><span style=\"font-size: 12pt; font-family: arial, helvetica, sans-serif;\">Anexar apenas os trechos pertinentes do Livro Raz\u00e3o.<\/span><\/li>\n<li><span style=\"font-size: 12pt; font-family: arial, helvetica, sans-serif;\">Fundamentar expressamente a pertin\u00eancia probat\u00f3ria no auto.<\/span><\/li>\n<li><span style=\"font-size: 12pt; font-family: arial, helvetica, sans-serif;\">Confirmar classifica\u00e7\u00e3o do processo como de acesso restrito.<\/span><\/li>\n<li><span style=\"font-size: 12pt; font-family: arial, helvetica, sans-serif;\">Controlar perfis de acesso ao processo eletr\u00f4nico.<\/span><\/li>\n<li><span style=\"font-size: 12pt; font-family: arial, helvetica, sans-serif;\">Evitar envio informal por e-mail ou aplicativos.<\/span><\/li>\n<li><span style=\"font-size: 12pt; font-family: arial, helvetica, sans-serif;\">Solicitar tramita\u00e7\u00e3o sob segredo de justi\u00e7a em eventual judicializa\u00e7\u00e3o.<\/span><\/li>\n<li><span style=\"font-size: 12pt; font-family: arial, helvetica, sans-serif;\">Registrar cadeia de cust\u00f3dia digital nos autos.<\/span><\/li>\n<\/ol>\n<h3 style=\"text-align: justify;\"><span class=\"ez-toc-section\" id=\"ANEXO_II_%E2%80%93_Diretrizes_Institucionais_Recomendaveis_as_Administracoes_Tributarias\"><\/span><span style=\"font-size: 12pt; font-family: arial, helvetica, sans-serif;\"><strong>ANEXO II &#8211;\u00a0<\/strong><strong>Diretrizes Institucionais Recomend\u00e1veis \u00e0s Administra\u00e7\u00f5es Tribut\u00e1rias<\/strong><\/span><span class=\"ez-toc-section-end\"><\/span><\/h3>\n<p style=\"text-align: justify;\"><span style=\"font-size: 12pt; font-family: arial, helvetica, sans-serif;\">Para reduzir riscos de quebra de sigilo, as Administra\u00e7\u00f5es Tribut\u00e1rias podem:<\/span><\/p>\n<ol style=\"text-align: justify;\">\n<li><span style=\"font-size: 12pt; font-family: arial, helvetica, sans-serif;\"><strong> Normatiza\u00e7\u00e3o Interna<\/strong><\/span><\/li>\n<\/ol>\n<ul style=\"text-align: justify;\">\n<li><span style=\"font-size: 12pt; font-family: arial, helvetica, sans-serif;\">Editar instru\u00e7\u00f5es normativas espec\u00edficas sobre uso da ECD como prova.<\/span><\/li>\n<li><span style=\"font-size: 12pt; font-family: arial, helvetica, sans-serif;\">Regulamentar formalmente cadeia de cust\u00f3dia digital.<\/span><\/li>\n<li><span style=\"font-size: 12pt; font-family: arial, helvetica, sans-serif;\">Definir crit\u00e9rios de proporcionalidade na juntada de livros digitais.<\/span><\/li>\n<\/ul>\n<ol style=\"text-align: justify;\" start=\"2\">\n<li><span style=\"font-size: 12pt; font-family: arial, helvetica, sans-serif;\"><strong> Governan\u00e7a de Acesso<\/strong><\/span><\/li>\n<\/ol>\n<ul style=\"text-align: justify;\">\n<li><span style=\"font-size: 12pt; font-family: arial, helvetica, sans-serif;\">Implantar controle de perfis e logs audit\u00e1veis.<\/span><\/li>\n<li><span style=\"font-size: 12pt; font-family: arial, helvetica, sans-serif;\">Estabelecer trilhas de auditoria digital obrigat\u00f3rias.<\/span><\/li>\n<li><span style=\"font-size: 12pt; font-family: arial, helvetica, sans-serif;\">Exigir autentica\u00e7\u00e3o multifator para acesso a dados sens\u00edveis.<\/span><\/li>\n<\/ul>\n<ol style=\"text-align: justify;\" start=\"3\">\n<li><span style=\"font-size: 12pt; font-family: arial, helvetica, sans-serif;\"><strong> Capacita\u00e7\u00e3o Funcional<\/strong><\/span><\/li>\n<\/ol>\n<ul style=\"text-align: justify;\">\n<li><span style=\"font-size: 12pt; font-family: arial, helvetica, sans-serif;\">Treinar auditores em prote\u00e7\u00e3o de dados e sigilo fiscal.<\/span><\/li>\n<li><span style=\"font-size: 12pt; font-family: arial, helvetica, sans-serif;\">Padronizar modelos de fundamenta\u00e7\u00e3o probat\u00f3ria.<\/span><\/li>\n<\/ul>\n<ol style=\"text-align: justify;\" start=\"4\">\n<li><span style=\"font-size: 12pt; font-family: arial, helvetica, sans-serif;\"><strong> Procedimentos de Compartilhamento<\/strong><\/span><\/li>\n<\/ol>\n<ul style=\"text-align: justify;\">\n<li><span style=\"font-size: 12pt; font-family: arial, helvetica, sans-serif;\">Exigir comunica\u00e7\u00e3o formal e certificada em caso de envio a outros \u00f3rg\u00e3os.<\/span><\/li>\n<li><span style=\"font-size: 12pt; font-family: arial, helvetica, sans-serif;\">Prever responsabiliza\u00e7\u00e3o disciplinar por vazamento.<\/span><\/li>\n<\/ul>\n<ol style=\"text-align: justify;\" start=\"5\">\n<li><span style=\"font-size: 12pt; font-family: arial, helvetica, sans-serif;\"><strong> Monitoramento e Compliance<\/strong><\/span><\/li>\n<\/ol>\n<ul>\n<li style=\"text-align: justify;\"><span style=\"font-size: 12pt; font-family: arial, helvetica, sans-serif;\">Implementar auditoria interna peri\u00f3dica sobre acesso a dados fiscais.<\/span><\/li>\n<li style=\"text-align: justify;\"><span style=\"font-size: 12pt; font-family: arial, helvetica, sans-serif;\">Criar canal institucional para reporte de incidentes.<\/span><\/li>\n<\/ul>\n","protected":false},"excerpt":{"rendered":"<p>Por Alexandre Alcantara Introdu\u00e7\u00e3o A consolida\u00e7\u00e3o do Sistema P\u00fablico de Escritura\u00e7\u00e3o Digital como infraestrutura permanente<\/p>\n","protected":false},"author":1,"featured_media":10613,"comment_status":"closed","ping_status":"open","sticky":false,"template":"","format":"standard","meta":{"footnotes":""},"categories":[16,74,165,178],"tags":[],"class_list":["post-15230","post","type-post","status-publish","format-standard","has-post-thumbnail","hentry","category-auditoria-contabil-tributaria","category-sped-contabil","category-c50-processo-adm-tributario","category-sigilo-bancario-fiscal"],"_links":{"self":[{"href":"https:\/\/alcantara.pro.br\/portal\/wp-json\/wp\/v2\/posts\/15230","targetHints":{"allow":["GET"]}}],"collection":[{"href":"https:\/\/alcantara.pro.br\/portal\/wp-json\/wp\/v2\/posts"}],"about":[{"href":"https:\/\/alcantara.pro.br\/portal\/wp-json\/wp\/v2\/types\/post"}],"author":[{"embeddable":true,"href":"https:\/\/alcantara.pro.br\/portal\/wp-json\/wp\/v2\/users\/1"}],"replies":[{"embeddable":true,"href":"https:\/\/alcantara.pro.br\/portal\/wp-json\/wp\/v2\/comments?post=15230"}],"version-history":[{"count":6,"href":"https:\/\/alcantara.pro.br\/portal\/wp-json\/wp\/v2\/posts\/15230\/revisions"}],"predecessor-version":[{"id":15248,"href":"https:\/\/alcantara.pro.br\/portal\/wp-json\/wp\/v2\/posts\/15230\/revisions\/15248"}],"wp:featuredmedia":[{"embeddable":true,"href":"https:\/\/alcantara.pro.br\/portal\/wp-json\/wp\/v2\/media\/10613"}],"wp:attachment":[{"href":"https:\/\/alcantara.pro.br\/portal\/wp-json\/wp\/v2\/media?parent=15230"}],"wp:term":[{"taxonomy":"category","embeddable":true,"href":"https:\/\/alcantara.pro.br\/portal\/wp-json\/wp\/v2\/categories?post=15230"},{"taxonomy":"post_tag","embeddable":true,"href":"https:\/\/alcantara.pro.br\/portal\/wp-json\/wp\/v2\/tags?post=15230"}],"curies":[{"name":"wp","href":"https:\/\/api.w.org\/{rel}","templated":true}]}}